{"id":2088,"date":"2020-03-12T23:27:59","date_gmt":"2020-03-12T23:27:59","guid":{"rendered":"http:\/\/krines.org\/?p=2088"},"modified":"2020-03-12T23:44:18","modified_gmt":"2020-03-12T23:44:18","slug":"get-your-kicks-on-route-66","status":"publish","type":"post","link":"http:\/\/krines.org\/?p=2088","title":{"rendered":"Get your kicks on Route 66"},"content":{"rendered":"\n<p>Ein paar Tage Algarve gen\u00fcgen uns. Es ist sch\u00f6n, die Landschaft mal gesehen zu haben, aber auf Dauer macht es hier keinen Spa\u00df. Der Wind ist zu dieser Jahreszeit ziemlich heftig, obwohl die Temperaturen \u00fcber 20\u00b0 Celsius liegen. Die St\u00e4dte an der K\u00fcste k\u00f6nnten in Touristenhochburgen \u00fcberall auf der Welt liegen. Restaurants, riesige Hotelkomplexe, Fitnesshallen, Bars und allerlei Tandl\u00e4den s\u00e4umen die Stra\u00dfen. An den offiziellen Stellpl\u00e4tzen treten sich Deutsche, Niederl\u00e4nder, viele Briten und vor allem &#8222;Saugn\u00e4pfe&#8220; (so \u00fcbersetzt unsere App &#8222;Franzosen&#8220;) auf die F\u00fc\u00dfe. Auf irgendwelchen staubigen Pl\u00e4tzen m\u00f6chten wir nicht l\u00e4nger stehen, nur um uns die Sonne der Algarve auf den Pelz brennen zu lassen. Irgendwie ist uns unsere Zeit daf\u00fcr zu kostbar. Seltsam, da\u00df es viele an solchen Pl\u00e4tzen monatelang aushalten ohne durchzudrehen. Auch in Portugal versp\u00fcren wir wieder den Drang, uns die K\u00fcste anzusehen, kurz Meerluft zu schnuppern, aber dann relativ schnell das Hinterland anzusteuern. Das <a rel=\"noreferrer noopener\" aria-label=\"Alentejo (\u00f6ffnet in neuem Tab)\" href=\"https:\/\/de.wikipedia.org\/wiki\/Alentejo\" target=\"_blank\">Alentejo<\/a> ist relativ d\u00fcnn besiedelt, die Landschaft abwechslungsreich und den extremen K\u00fcstenwind  vermissen wir hier nicht. F\u00fcr die Einwohner stellt sich die Situation nicht ganz so romantisch dar. Die Region hat eine der h\u00f6chsten Selbstmordraten Europas. Auffallend ist die intensive Weidewirtschaft. Kuh- und Bullenherden grasen auf riesigen Fl\u00e4chen, die sich mit Schaf- und Ziegenherden den Landstrich teilen. Korkeichen stehen bis an den Stra\u00dfenrand, der untere Bereich der Rinde ist gesch\u00e4lt und geschw\u00e4rzt, vermutlich als Schutz gegen die intensive Sonnenstrahlung. Der S\u00fcden Portugals ist eher flach. Selten steigen wir \u00fcber 200 Meter NN. Auffallend und \u00fcberraschend f\u00fcr uns ist der Waldbestand. So viele B\u00e4ume haben wir hier nicht erwartet. Erneut ein Beleg daf\u00fcr, da\u00df Vorstellung und Wirklichkeit selten miteinander zusammengehen. Und ja, es stimmt, die Portugiesen haben ihr Land nicht in dem Ausma\u00df in eine riesige Plantage verwandelt wie die Spanier. Olivenhaine, die \u00fcber mehrere Stunden Fahrt an uns vor\u00fcberziehen haben wir hier noch nicht entdeckt. In <a rel=\"noreferrer noopener\" aria-label=\"Alvor (\u00f6ffnet in neuem Tab)\" href=\"https:\/\/de.wikipedia.org\/wiki\/Alvor\" target=\"_blank\">Alvor<\/a> haben wir beschlossen, auf der N2, der portugiesischen Route 66 Richtung Norden zu fahren. Die N2 verbindet <a rel=\"noreferrer noopener\" aria-label=\"Faro (\u00f6ffnet in neuem Tab)\" href=\"https:\/\/de.wikipedia.org\/wiki\/Faro\" target=\"_blank\">Faro<\/a> im S\u00fcden des Landes mit der Stadt <a rel=\"noreferrer noopener\" aria-label=\"Chaves (\u00f6ffnet in neuem Tab)\" href=\"https:\/\/de.wikipedia.org\/wiki\/Chaves_(Portugal)\" target=\"_blank\">Chaves<\/a> im Norden. Sie ist die l\u00e4ngste Stra\u00dfe Portugals. Sie schl\u00e4ngelt sich durch Berge und T\u00e4ler, D\u00f6rfer im Hinterland und 11 Distrikte. Mit 737 Kilometern L\u00e4nge zieht sich die N2 mitten durch Portugal und wird deshalb oft als die Wirbels\u00e4ule des Landes bezeichnet. F\u00fcr Motorradfahrer ist diese Strecke ein absolutes Paradies. Auf den Stra\u00dfen herrscht wenig Verkehr, die Kurven sind zahlreich, die D\u00f6rfer und St\u00e4dte auf der Strecke &#8222;authentisch&#8220;, wenn man diese Bezeichnung bem\u00fchen m\u00f6chte. Manchmal \u00e4ndert die Stra\u00dfe ihre Bezeichnung, bzw. geht kurzfristig in andere Stra\u00dfen \u00fcber, sodass man des \u00f6fteren nach ihr suchen muss. Ab <a rel=\"noreferrer noopener\" aria-label=\"Abrantes (\u00f6ffnet in neuem Tab)\" href=\"https:\/\/de.wikipedia.org\/wiki\/Abrantes\" target=\"_blank\">Abrantes<\/a> ver\u00e4ndert sich die Landschaft. Die Kakteen verschwinden langsam, die Landschaft wird bergiger. Auch die Architektur der H\u00e4user ist anders. Pl\u00f6tzlich dominieren Satteld\u00e4cher, statt Flachd\u00e4cher. Auch der Verkehr nimmt zu und wohl auch die Populationsdichte, wenn man der Karte trauen darf. Die Sch\u00e4den der extremen Br\u00e4nde 2017 sind immer noch sichtbar. Stundenlang begleiten uns die \u00dcberreste verkohlter B\u00e4ume und H\u00e4user, die der Feuersbrunst zum Opfer gefallen sind. Statt nach <a rel=\"noreferrer noopener\" aria-label=\"Fatima (\u00f6ffnet in neuem Tab)\" href=\"https:\/\/de.wikipedia.org\/wiki\/F%C3%A1tima\" target=\"_blank\">Fatima<\/a> zu fahren, haben wir uns auf den Weg nach <a rel=\"noreferrer noopener\" aria-label=\"Gois (\u00f6ffnet in neuem Tab)\" href=\"https:\/\/de.wikipedia.org\/wiki\/G%C3%B3is\" target=\"_blank\">Gois<\/a> gemacht. Eine schnuckelige Kleinstadt, \u00f6stlich von <a rel=\"noreferrer noopener\" aria-label=\"Coimbra (\u00f6ffnet in neuem Tab)\" href=\"https:\/\/de.wikipedia.org\/wiki\/Coimbra\" target=\"_blank\">Coimbra<\/a> (vermutlich spricht man Gois wie &#8222;Goisch&#8220;, oder gar &#8222;Schoisch&#8220;). Die Nachrichten \u00fcber den Coronavirus beunruhigen uns. Einen Wallfahrtsort mit Tausenden Fu\u00dflahmen aus aller Herren L\u00e4nder wollen wir uns nicht geben. Der Vergleich mit <a rel=\"noreferrer noopener\" aria-label=\"Ghom (\u00f6ffnet in neuem Tab)\" href=\"https:\/\/de.wikipedia.org\/wiki\/Ghom\" target=\"_blank\">Ghom<\/a> im Iran dr\u00e4ngt sich uns auf. <a rel=\"noreferrer noopener\" aria-label=\"Santiago de Compostela (\u00f6ffnet in neuem Tab)\" href=\"https:\/\/de.wikipedia.org\/wiki\/Santiago_de_Compostela\" target=\"_blank\">Santiago de Compostela<\/a> werden wir deshalb ebenfalls meiden. \u00d6ffentliche Toiletten sind f\u00fcr uns Risikofaktoren genug. Wenn es geht, benutzen wir unser WC im Van. Vorsicht ist die Mutter der Porzellankiste. <\/p>\n\n\n\n<figure class=\"wp-block-image size-large\"><img loading=\"lazy\" decoding=\"async\" width=\"1000\" height=\"667\" src=\"http:\/\/krines.org\/wp-content\/uploads\/2020\/03\/Monsaraz.jpg\" alt=\"\" class=\"wp-image-2106\" srcset=\"http:\/\/krines.org\/wp-content\/uploads\/2020\/03\/Monsaraz.jpg 1000w, http:\/\/krines.org\/wp-content\/uploads\/2020\/03\/Monsaraz-300x200.jpg 300w, http:\/\/krines.org\/wp-content\/uploads\/2020\/03\/Monsaraz-768x512.jpg 768w\" sizes=\"auto, (max-width: 767px) 89vw, (max-width: 1000px) 54vw, (max-width: 1071px) 543px, 580px\" \/><figcaption>Die Burg von <a href=\"https:\/\/de.wikipedia.org\/wiki\/Monsaraz\" target=\"_blank\" rel=\"noreferrer noopener\" aria-label=\"Monsaraz (\u00f6ffnet in neuem Tab)\">Monsaraz<\/a>.<\/figcaption><\/figure>\n\n\n\n<figure class=\"wp-block-image size-large\"><img loading=\"lazy\" decoding=\"async\" width=\"640\" height=\"480\" src=\"http:\/\/krines.org\/wp-content\/uploads\/2020\/03\/Monsarazstadt.jpg\" alt=\"\" class=\"wp-image-2123\" srcset=\"http:\/\/krines.org\/wp-content\/uploads\/2020\/03\/Monsarazstadt.jpg 640w, http:\/\/krines.org\/wp-content\/uploads\/2020\/03\/Monsarazstadt-300x225.jpg 300w\" sizes=\"auto, (max-width: 640px) 100vw, 640px\" \/><\/figure>\n\n\n\n<figure class=\"wp-block-image size-large\"><img loading=\"lazy\" decoding=\"async\" width=\"640\" height=\"480\" src=\"http:\/\/krines.org\/wp-content\/uploads\/2020\/03\/Monsarazkarin.jpg\" alt=\"\" class=\"wp-image-2122\" srcset=\"http:\/\/krines.org\/wp-content\/uploads\/2020\/03\/Monsarazkarin.jpg 640w, http:\/\/krines.org\/wp-content\/uploads\/2020\/03\/Monsarazkarin-300x225.jpg 300w\" sizes=\"auto, (max-width: 640px) 100vw, 640px\" \/><\/figure>\n\n\n\n<figure class=\"wp-block-image size-large\"><img loading=\"lazy\" decoding=\"async\" width=\"640\" height=\"480\" src=\"http:\/\/krines.org\/wp-content\/uploads\/2020\/03\/Alentejonamo.jpg\" alt=\"\" class=\"wp-image-2116\" srcset=\"http:\/\/krines.org\/wp-content\/uploads\/2020\/03\/Alentejonamo.jpg 640w, http:\/\/krines.org\/wp-content\/uploads\/2020\/03\/Alentejonamo-300x225.jpg 300w\" sizes=\"auto, (max-width: 640px) 100vw, 640px\" \/><figcaption>Wir haben nicht gedacht, da\u00df Portugals Natur so gr\u00fcn ist. Auch der immense Waldbestand ist beeindruckend.<\/figcaption><\/figure>\n\n\n\n<div class=\"wp-block-image\"><figure class=\"aligncenter size-large\"><img loading=\"lazy\" decoding=\"async\" width=\"480\" height=\"640\" src=\"http:\/\/krines.org\/wp-content\/uploads\/2020\/03\/Stier3.jpg\" alt=\"\" class=\"wp-image-2124\" srcset=\"http:\/\/krines.org\/wp-content\/uploads\/2020\/03\/Stier3.jpg 480w, http:\/\/krines.org\/wp-content\/uploads\/2020\/03\/Stier3-225x300.jpg 225w\" sizes=\"auto, (max-width: 480px) 100vw, 480px\" \/><figcaption>Auch in Portugal gibt es Stierk\u00e4mpfe.<\/figcaption><\/figure><\/div>\n\n\n\n<figure class=\"wp-block-image size-large\"><img loading=\"lazy\" decoding=\"async\" width=\"1000\" height=\"667\" src=\"http:\/\/krines.org\/wp-content\/uploads\/2020\/03\/Abrantes.jpg\" alt=\"\" class=\"wp-image-2101\" srcset=\"http:\/\/krines.org\/wp-content\/uploads\/2020\/03\/Abrantes.jpg 1000w, http:\/\/krines.org\/wp-content\/uploads\/2020\/03\/Abrantes-300x200.jpg 300w, http:\/\/krines.org\/wp-content\/uploads\/2020\/03\/Abrantes-768x512.jpg 768w\" sizes=\"auto, (max-width: 767px) 89vw, (max-width: 1000px) 54vw, (max-width: 1071px) 543px, 580px\" \/><figcaption><a rel=\"noreferrer noopener\" aria-label=\"Abrantes (\u00f6ffnet in neuem Tab)\" href=\"https:\/\/de.wikipedia.org\/wiki\/Abrantes\" target=\"_blank\">Abrantes<\/a> haben wir als landschaftliche und innerkulturelle Grenze wahrgenommen. Im Hintergrund der <a href=\"https:\/\/de.wikipedia.org\/wiki\/Tajo\" target=\"_blank\" rel=\"noreferrer noopener\" aria-label=\"Tejo (\u00f6ffnet in neuem Tab)\">Tejo<\/a>, mit 1007 Kilometern L\u00e4nge der l\u00e4ngste Flu\u00df auf der Iberischen Halbinsel.<\/figcaption><\/figure>\n\n\n\n<figure class=\"wp-block-image size-large\"><img loading=\"lazy\" decoding=\"async\" width=\"1000\" height=\"667\" src=\"http:\/\/krines.org\/wp-content\/uploads\/2020\/03\/Montagril.jpg\" alt=\"\" class=\"wp-image-2107\" srcset=\"http:\/\/krines.org\/wp-content\/uploads\/2020\/03\/Montagril.jpg 1000w, http:\/\/krines.org\/wp-content\/uploads\/2020\/03\/Montagril-300x200.jpg 300w, http:\/\/krines.org\/wp-content\/uploads\/2020\/03\/Montagril-768x512.jpg 768w\" sizes=\"auto, (max-width: 767px) 89vw, (max-width: 1000px) 54vw, (max-width: 1071px) 543px, 580px\" \/><figcaption>Bei <a href=\"https:\/\/de.wikipedia.org\/wiki\/Montargil\" target=\"_blank\" rel=\"noreferrer noopener\" aria-label=\"Montargil (\u00f6ffnet in neuem Tab)\">Montargil<\/a>.<\/figcaption><\/figure>\n\n\n\n<figure class=\"wp-block-image size-large\"><img loading=\"lazy\" decoding=\"async\" width=\"1000\" height=\"667\" src=\"http:\/\/krines.org\/wp-content\/uploads\/2020\/03\/Montagril1.jpg\" alt=\"\" class=\"wp-image-2108\" srcset=\"http:\/\/krines.org\/wp-content\/uploads\/2020\/03\/Montagril1.jpg 1000w, http:\/\/krines.org\/wp-content\/uploads\/2020\/03\/Montagril1-300x200.jpg 300w, http:\/\/krines.org\/wp-content\/uploads\/2020\/03\/Montagril1-768x512.jpg 768w\" sizes=\"auto, (max-width: 767px) 89vw, (max-width: 1000px) 54vw, (max-width: 1071px) 543px, 580px\" \/><figcaption>Hat \u00c4hnlichkeit mit einem Bonsai, nur ist er etwas gr\u00f6\u00dfer.<\/figcaption><\/figure>\n\n\n\n<figure class=\"wp-block-image size-large\"><img loading=\"lazy\" decoding=\"async\" width=\"1000\" height=\"667\" src=\"http:\/\/krines.org\/wp-content\/uploads\/2020\/03\/Gois1.jpg\" alt=\"\" class=\"wp-image-2104\" srcset=\"http:\/\/krines.org\/wp-content\/uploads\/2020\/03\/Gois1.jpg 1000w, http:\/\/krines.org\/wp-content\/uploads\/2020\/03\/Gois1-300x200.jpg 300w, http:\/\/krines.org\/wp-content\/uploads\/2020\/03\/Gois1-768x512.jpg 768w\" sizes=\"auto, (max-width: 767px) 89vw, (max-width: 1000px) 54vw, (max-width: 1071px) 543px, 580px\" \/><figcaption>Unser Stellplatz in <a href=\"https:\/\/de.wikipedia.org\/wiki\/G%C3%B3is\" target=\"_blank\" rel=\"noreferrer noopener\" aria-label=\"Gois (\u00f6ffnet in neuem Tab)\">Gois<\/a>.<\/figcaption><\/figure>\n\n\n\n<figure class=\"wp-block-image size-large\"><img loading=\"lazy\" decoding=\"async\" width=\"1000\" height=\"667\" src=\"http:\/\/krines.org\/wp-content\/uploads\/2020\/03\/Gois.jpg\" alt=\"\" class=\"wp-image-2103\" srcset=\"http:\/\/krines.org\/wp-content\/uploads\/2020\/03\/Gois.jpg 1000w, http:\/\/krines.org\/wp-content\/uploads\/2020\/03\/Gois-300x200.jpg 300w, http:\/\/krines.org\/wp-content\/uploads\/2020\/03\/Gois-768x512.jpg 768w\" sizes=\"auto, (max-width: 767px) 89vw, (max-width: 1000px) 54vw, (max-width: 1071px) 543px, 580px\" \/><figcaption>Gen\u00fcgend Stellpl\u00e4tze, B\u00e4nke, Ver- und Entsorgung, M\u00fclleimer und demn\u00e4chst auch kostenlosen Strom gibt es in Gois. <\/figcaption><\/figure>\n\n\n\n<figure class=\"wp-block-image size-large\"><img loading=\"lazy\" decoding=\"async\" width=\"640\" height=\"480\" src=\"http:\/\/krines.org\/wp-content\/uploads\/2020\/03\/Goisrad.jpg\" alt=\"\" class=\"wp-image-2118\" srcset=\"http:\/\/krines.org\/wp-content\/uploads\/2020\/03\/Goisrad.jpg 640w, http:\/\/krines.org\/wp-content\/uploads\/2020\/03\/Goisrad-300x225.jpg 300w\" sizes=\"auto, (max-width: 640px) 100vw, 640px\" \/><figcaption>Das Wasserrad von <a href=\"https:\/\/de.wikipedia.org\/wiki\/G%C3%B3is\" target=\"_blank\" rel=\"noreferrer noopener\" aria-label=\"Gois (\u00f6ffnet in neuem Tab)\">Gois<\/a>.<\/figcaption><\/figure>\n\n\n\n<figure class=\"wp-block-image size-large\"><img loading=\"lazy\" decoding=\"async\" width=\"1000\" height=\"667\" src=\"http:\/\/krines.org\/wp-content\/uploads\/2020\/03\/deutschgut.jpg\" alt=\"\" class=\"wp-image-2102\" srcset=\"http:\/\/krines.org\/wp-content\/uploads\/2020\/03\/deutschgut.jpg 1000w, http:\/\/krines.org\/wp-content\/uploads\/2020\/03\/deutschgut-300x200.jpg 300w, http:\/\/krines.org\/wp-content\/uploads\/2020\/03\/deutschgut-768x512.jpg 768w\" sizes=\"auto, (max-width: 767px) 89vw, (max-width: 1000px) 54vw, (max-width: 1071px) 543px, 580px\" \/><figcaption>Als wir hier rasten kommt ein Bauer mit dem Traktor vorbeigefahren und ruft uns zu: &#8222;Guten Abend, Deutschland gut&#8220;, dabei streckt er seinen Daumen in die H\u00f6he. <\/figcaption><\/figure>\n\n\n\n<figure class=\"wp-block-image size-large\"><img loading=\"lazy\" decoding=\"async\" width=\"1000\" height=\"667\" src=\"http:\/\/krines.org\/wp-content\/uploads\/2020\/03\/Sabugueiro1.jpg\" alt=\"\" class=\"wp-image-2111\" srcset=\"http:\/\/krines.org\/wp-content\/uploads\/2020\/03\/Sabugueiro1.jpg 1000w, http:\/\/krines.org\/wp-content\/uploads\/2020\/03\/Sabugueiro1-300x200.jpg 300w, http:\/\/krines.org\/wp-content\/uploads\/2020\/03\/Sabugueiro1-768x512.jpg 768w\" sizes=\"auto, (max-width: 767px) 89vw, (max-width: 1000px) 54vw, (max-width: 1071px) 543px, 580px\" \/><figcaption><a rel=\"noreferrer noopener\" aria-label=\"Sabugueiro (\u00f6ffnet in neuem Tab)\" href=\"https:\/\/de.wikipedia.org\/wiki\/Sabugueiro_(Seia)\" target=\"_blank\">Sabugueiro<\/a>, eines der h\u00f6chst gelegenen D\u00f6rfer Portugals. <\/figcaption><\/figure>\n\n\n\n<figure class=\"wp-block-image size-large\"><img loading=\"lazy\" decoding=\"async\" width=\"1000\" height=\"667\" src=\"http:\/\/krines.org\/wp-content\/uploads\/2020\/03\/Torre.jpg\" alt=\"\" class=\"wp-image-2113\" srcset=\"http:\/\/krines.org\/wp-content\/uploads\/2020\/03\/Torre.jpg 1000w, http:\/\/krines.org\/wp-content\/uploads\/2020\/03\/Torre-300x200.jpg 300w, http:\/\/krines.org\/wp-content\/uploads\/2020\/03\/Torre-768x512.jpg 768w\" sizes=\"auto, (max-width: 767px) 89vw, (max-width: 1000px) 54vw, (max-width: 1071px) 543px, 580px\" \/><figcaption>In der <a href=\"https:\/\/de.wikipedia.org\/wiki\/Serra_da_Estrela\" target=\"_blank\" rel=\"noreferrer noopener\" aria-label=\"Serra da Estrela (\u00f6ffnet in neuem Tab)\">Serra da Estrela<\/a> an einem Staudamm.<\/figcaption><\/figure>\n\n\n\n<figure class=\"wp-block-image size-large\"><img loading=\"lazy\" decoding=\"async\" width=\"1000\" height=\"667\" src=\"http:\/\/krines.org\/wp-content\/uploads\/2020\/03\/Torre1.jpg\" alt=\"\" class=\"wp-image-2114\" srcset=\"http:\/\/krines.org\/wp-content\/uploads\/2020\/03\/Torre1.jpg 1000w, http:\/\/krines.org\/wp-content\/uploads\/2020\/03\/Torre1-300x200.jpg 300w, http:\/\/krines.org\/wp-content\/uploads\/2020\/03\/Torre1-768x512.jpg 768w\" sizes=\"auto, (max-width: 767px) 89vw, (max-width: 1000px) 54vw, (max-width: 1071px) 543px, 580px\" \/><figcaption>Auf dem Weg zum Gipfel des Torre liegt noch Schnee.<\/figcaption><\/figure>\n\n\n\n<figure class=\"wp-block-image size-large\"><img loading=\"lazy\" decoding=\"async\" width=\"1000\" height=\"667\" src=\"http:\/\/krines.org\/wp-content\/uploads\/2020\/03\/Torre3.jpg\" alt=\"\" class=\"wp-image-2115\" srcset=\"http:\/\/krines.org\/wp-content\/uploads\/2020\/03\/Torre3.jpg 1000w, http:\/\/krines.org\/wp-content\/uploads\/2020\/03\/Torre3-300x200.jpg 300w, http:\/\/krines.org\/wp-content\/uploads\/2020\/03\/Torre3-768x512.jpg 768w\" sizes=\"auto, (max-width: 767px) 89vw, (max-width: 1000px) 54vw, (max-width: 1071px) 543px, 580px\" \/><figcaption>Auf dem <a rel=\"noreferrer noopener\" aria-label=\"Torre (\u00f6ffnet in neuem Tab)\" href=\"https:\/\/de.wikipedia.org\/wiki\/Torre_(Serra_da_Estrela)\" target=\"_blank\">Torre<\/a>, mit 1993 Metern h\u00f6chster Berg des portugiesischen Festlandes und das einzige Skigebiet Portugals.<\/figcaption><\/figure>\n\n\n\n<figure class=\"wp-block-image size-large\"><img loading=\"lazy\" decoding=\"async\" width=\"640\" height=\"480\" src=\"http:\/\/krines.org\/wp-content\/uploads\/2020\/03\/TorreGnr.jpg\" alt=\"\" class=\"wp-image-2146\" srcset=\"http:\/\/krines.org\/wp-content\/uploads\/2020\/03\/TorreGnr.jpg 640w, http:\/\/krines.org\/wp-content\/uploads\/2020\/03\/TorreGnr-300x225.jpg 300w\" sizes=\"auto, (max-width: 640px) 100vw, 640px\" \/><\/figure>\n\n\n\n<figure class=\"wp-block-image size-large\"><img loading=\"lazy\" decoding=\"async\" width=\"640\" height=\"480\" src=\"http:\/\/krines.org\/wp-content\/uploads\/2020\/03\/Torresee.jpg\" alt=\"\" class=\"wp-image-2147\" srcset=\"http:\/\/krines.org\/wp-content\/uploads\/2020\/03\/Torresee.jpg 640w, http:\/\/krines.org\/wp-content\/uploads\/2020\/03\/Torresee-300x225.jpg 300w\" sizes=\"auto, (max-width: 640px) 100vw, 640px\" \/><figcaption>Stauseen in der Serra da Estrela.<\/figcaption><\/figure>\n\n\n\n<figure class=\"wp-block-image size-large\"><img loading=\"lazy\" decoding=\"async\" width=\"640\" height=\"480\" src=\"http:\/\/krines.org\/wp-content\/uploads\/2020\/03\/Torresteesee.jpg\" alt=\"\" class=\"wp-image-2148\" srcset=\"http:\/\/krines.org\/wp-content\/uploads\/2020\/03\/Torresteesee.jpg 640w, http:\/\/krines.org\/wp-content\/uploads\/2020\/03\/Torresteesee-300x225.jpg 300w\" sizes=\"auto, (max-width: 640px) 100vw, 640px\" \/><\/figure>\n\n\n\n<figure class=\"wp-block-gallery columns-2 is-cropped wp-block-gallery-1 is-layout-flex wp-block-gallery-is-layout-flex\"><ul class=\"blocks-gallery-grid\"><li class=\"blocks-gallery-item\"><figure><img loading=\"lazy\" decoding=\"async\" width=\"640\" height=\"519\" src=\"http:\/\/krines.org\/wp-content\/uploads\/2020\/03\/karinhuepf.jpg\" alt=\"\" data-id=\"2142\" data-full-url=\"http:\/\/krines.org\/wp-content\/uploads\/2020\/03\/karinhuepf.jpg\" data-link=\"http:\/\/krines.org\/?attachment_id=2142\" class=\"wp-image-2142\" srcset=\"http:\/\/krines.org\/wp-content\/uploads\/2020\/03\/karinhuepf.jpg 640w, http:\/\/krines.org\/wp-content\/uploads\/2020\/03\/karinhuepf-300x243.jpg 300w\" sizes=\"auto, (max-width: 640px) 100vw, 640px\" \/><\/figure><\/li><li class=\"blocks-gallery-item\"><figure><img loading=\"lazy\" decoding=\"async\" width=\"640\" height=\"480\" src=\"http:\/\/krines.org\/wp-content\/uploads\/2020\/03\/Ichhuepf.jpg\" alt=\"\" data-id=\"2141\" data-full-url=\"http:\/\/krines.org\/wp-content\/uploads\/2020\/03\/Ichhuepf.jpg\" data-link=\"http:\/\/krines.org\/?attachment_id=2141\" class=\"wp-image-2141\" srcset=\"http:\/\/krines.org\/wp-content\/uploads\/2020\/03\/Ichhuepf.jpg 640w, http:\/\/krines.org\/wp-content\/uploads\/2020\/03\/Ichhuepf-300x225.jpg 300w\" sizes=\"auto, (max-width: 640px) 100vw, 640px\" \/><\/figure><\/li><\/ul><\/figure>\n","protected":false},"excerpt":{"rendered":"<p>Ein paar Tage Algarve gen\u00fcgen uns. Es ist sch\u00f6n, die Landschaft mal gesehen zu haben, aber auf Dauer macht es hier keinen Spa\u00df. Der Wind ist zu dieser Jahreszeit ziemlich heftig, obwohl die Temperaturen \u00fcber 20\u00b0 Celsius liegen. Die St\u00e4dte an der K\u00fcste k\u00f6nnten in Touristenhochburgen \u00fcberall auf der Welt liegen. Restaurants, riesige Hotelkomplexe, Fitnesshallen, &hellip; <\/p>\n<p class=\"link-more\"><a href=\"http:\/\/krines.org\/?p=2088\" class=\"more-link\"><span class=\"screen-reader-text\">\u201eGet your kicks on Route 66\u201c <\/span>weiterlesen<\/a><\/p>\n","protected":false},"author":1,"featured_media":2112,"comment_status":"open","ping_status":"open","sticky":false,"template":"","format":"standard","meta":{"footnotes":""},"categories":[16],"tags":[],"class_list":["post-2088","post","type-post","status-publish","format-standard","has-post-thumbnail","hentry","category-portugal"],"_links":{"self":[{"href":"http:\/\/krines.org\/index.php?rest_route=\/wp\/v2\/posts\/2088","targetHints":{"allow":["GET"]}}],"collection":[{"href":"http:\/\/krines.org\/index.php?rest_route=\/wp\/v2\/posts"}],"about":[{"href":"http:\/\/krines.org\/index.php?rest_route=\/wp\/v2\/types\/post"}],"author":[{"embeddable":true,"href":"http:\/\/krines.org\/index.php?rest_route=\/wp\/v2\/users\/1"}],"replies":[{"embeddable":true,"href":"http:\/\/krines.org\/index.php?rest_route=%2Fwp%2Fv2%2Fcomments&post=2088"}],"version-history":[{"count":29,"href":"http:\/\/krines.org\/index.php?rest_route=\/wp\/v2\/posts\/2088\/revisions"}],"predecessor-version":[{"id":2158,"href":"http:\/\/krines.org\/index.php?rest_route=\/wp\/v2\/posts\/2088\/revisions\/2158"}],"wp:featuredmedia":[{"embeddable":true,"href":"http:\/\/krines.org\/index.php?rest_route=\/wp\/v2\/media\/2112"}],"wp:attachment":[{"href":"http:\/\/krines.org\/index.php?rest_route=%2Fwp%2Fv2%2Fmedia&parent=2088"}],"wp:term":[{"taxonomy":"category","embeddable":true,"href":"http:\/\/krines.org\/index.php?rest_route=%2Fwp%2Fv2%2Fcategories&post=2088"},{"taxonomy":"post_tag","embeddable":true,"href":"http:\/\/krines.org\/index.php?rest_route=%2Fwp%2Fv2%2Ftags&post=2088"}],"curies":[{"name":"wp","href":"https:\/\/api.w.org\/{rel}","templated":true}]}}