{"id":2892,"date":"2021-06-27T22:15:18","date_gmt":"2021-06-27T22:15:18","guid":{"rendered":"http:\/\/krines.org\/?p=2892"},"modified":"2021-06-28T11:45:30","modified_gmt":"2021-06-28T11:45:30","slug":"vom-burgenland-in-die-steiermark","status":"publish","type":"post","link":"http:\/\/krines.org\/?p=2892","title":{"rendered":"Vom Burgenland in die Steiermark"},"content":{"rendered":"\n<p>Das Burgenland ist das \u00f6stlichste der L\u00e4nder \u00d6sterreichs und gemessen an seiner Einwohnerzahl kleinste. Das Land ist stark von der Landwirtschaft gepr\u00e4gt, viele pendeln nach Wien, oder Graz zur Arbeit. Die Grundst\u00fcckspreise sind hier noch \u00e4u\u00dferst niedrig. Erst durch den <a rel=\"noreferrer noopener\" href=\"https:\/\/de.wikipedia.org\/wiki\/Vertrag_von_Trianon\" target=\"_blank\">Vertrag von Trianon<\/a>  wurde das Burgenland im Jahr 1921 in das \u00f6sterreichische Staatsgebiet eingegliedert. Die Landschaft ist von den Ausl\u00e4ufern der Pannonischen Tiefebene gepr\u00e4gt, eher flach. Die H\u00e4user in den D\u00f6rfern sind sehr klein und in der Regel einst\u00f6ckig. Die H\u00e4userzeilen pr\u00e4sentieren sich ohne Bauwich und laufen deswegen unserer architektonischen Gewohnheit zuwider. Die Fassaden leuchten ebenfalls in Farbnuancen, die so mancher sp\u00f6ttisch als &#8222;Trabifarben&#8220; bezeichnen w\u00fcrde. Im s\u00fcdlichen Burgenland und der s\u00fcdwestlichen Steiermark finden wir keine hohen Berge und tiefe T\u00e4ler. Der Blick kann bis zum Horizont schweifen und wird nur von der h\u00fcgeligen Landschaft in der Ferne begrenzt. In <a rel=\"noreferrer noopener\" href=\"https:\/\/de.wikipedia.org\/wiki\/Deutsch_Jahrndorf\" target=\"_blank\">Deutsch<\/a><a href=\"https:\/\/de.wikipedia.org\/wiki\/Deutsch_Jahrndorf\" target=\"_blank\" rel=\"noreferrer noopener\"> <\/a><a rel=\"noreferrer noopener\" href=\"https:\/\/de.wikipedia.org\/wiki\/Deutsch_Jahrndorf\" target=\"_blank\">Jahrndorf<\/a> stehen wir alleine auf einer Wiese im Ort. Das Dreil\u00e4ndereck \u00d6sterreich-Slowakei-Ungarn befindet sich nicht einmal zwei Kilometer von hier und ist \u00fcber einen Feldweg zu erreichen.<\/p>\n\n\n\n<div class=\"wp-block-image\"><figure class=\"aligncenter size-large\"><img loading=\"lazy\" decoding=\"async\" width=\"1000\" height=\"667\" src=\"http:\/\/krines.org\/wp-content\/uploads\/2021\/06\/Dreiland1.jpg\" alt=\"\" class=\"wp-image-2875\" srcset=\"http:\/\/krines.org\/wp-content\/uploads\/2021\/06\/Dreiland1.jpg 1000w, http:\/\/krines.org\/wp-content\/uploads\/2021\/06\/Dreiland1-300x200.jpg 300w, http:\/\/krines.org\/wp-content\/uploads\/2021\/06\/Dreiland1-768x512.jpg 768w\" sizes=\"auto, (max-width: 767px) 89vw, (max-width: 1000px) 54vw, (max-width: 1071px) 543px, 580px\" \/><figcaption>Dreil\u00e4ndereck \u00d6sterreich-Slowakei-Ungarn bei <a rel=\"noreferrer noopener\" href=\"https:\/\/de.wikipedia.org\/wiki\/Deutsch_Jahrndorf\" target=\"_blank\">Deutsch Jahrndorf<\/a>, von der ungarischen Seite aus betrachtet. Rechts hinten sieht man die Hochh\u00e4user von Bratislava.<\/figcaption><\/figure><\/div>\n\n\n\n<div class=\"wp-block-image\"><figure class=\"aligncenter size-large\"><img loading=\"lazy\" decoding=\"async\" width=\"1000\" height=\"667\" src=\"http:\/\/krines.org\/wp-content\/uploads\/2021\/06\/Dreiland.jpg\" alt=\"\" class=\"wp-image-2874\" srcset=\"http:\/\/krines.org\/wp-content\/uploads\/2021\/06\/Dreiland.jpg 1000w, http:\/\/krines.org\/wp-content\/uploads\/2021\/06\/Dreiland-300x200.jpg 300w, http:\/\/krines.org\/wp-content\/uploads\/2021\/06\/Dreiland-768x512.jpg 768w\" sizes=\"auto, (max-width: 767px) 89vw, (max-width: 1000px) 54vw, (max-width: 1071px) 543px, 580px\" \/><\/figure><\/div>\n\n\n\n<div class=\"wp-block-image\"><figure class=\"aligncenter size-large\"><img loading=\"lazy\" decoding=\"async\" width=\"480\" height=\"640\" src=\"http:\/\/krines.org\/wp-content\/uploads\/2021\/06\/Karinungarn.jpg\" alt=\"\" class=\"wp-image-2907\" srcset=\"http:\/\/krines.org\/wp-content\/uploads\/2021\/06\/Karinungarn.jpg 480w, http:\/\/krines.org\/wp-content\/uploads\/2021\/06\/Karinungarn-225x300.jpg 225w\" sizes=\"auto, (max-width: 480px) 100vw, 480px\" \/><\/figure><\/div>\n\n\n\n<p>Wir parken gerade auf den Hof unserer Gastfamilie in <a rel=\"noreferrer noopener\" href=\"https:\/\/de.wikipedia.org\/wiki\/Deutsch_Kaltenbrunn\" target=\"_blank\">Deutsch Kaltenbrunn<\/a>, als ein Gewitter mit Hagelschauer einsetzt. Der Hausherr \u00f6ffnet die Scheune f\u00fcr uns, damit wir mit unserem <em>Herbie<\/em> den Hagelschauer sicher \u00fcberstehen. Bereits bei der Fahrt zum Hof suchten wir Schutz unter einem Vordach einer Lagerhalle. Hagelk\u00f6rner fallen in dieser Gegend oftmals in Form von Tennisb\u00e4llen vom Himmel. Wir hatten Gl\u00fcck. Wenn selbst die Einheimischen sich mit ihren Autos unter Tankstellend\u00e4cher stellen, sind wir nicht so vermessen dieses Naturph\u00e4nomen zu bagatellisieren. Auf dem Hof sehen wir Brillenschafe und H\u00fchner zur Selbstversorgung. Die Familie ist wieder einmal sehr unkompliziert und sympathisch. Am n\u00e4chsten Tag treffen wir Thomas auf dem Hof. Er wohnt im Ort, ist Deutscher und hat lange im oberfr\u00e4nkischen Raum gelebt. Er l\u00e4dt uns zu einem Kaffee ein. Sein Haus finden wir, da ein Auto mit Bamberger Kennzeichen in der Einfahrt steht. Er bewohnt einen alten Vierkanthof mit weitl\u00e4ufigem Garten und einem Pool, der fast schon als Schwimmbad durchgehen k\u00f6nnte. Auf seiner Veranda findet unsere erste Erfahrung mit dem <a rel=\"noreferrer noopener\" href=\"https:\/\/de.wikipedia.org\/wiki\/Uhudler\" target=\"_blank\">Uhudler<\/a> statt. Nach dieser Begegnung decken wir uns mit dem b\u00fcrokratisch umstrittenen Rebensaft ein. Ein paar Flaschen K\u00fcrbiskern\u00f6l kommen nat\u00fcrlich mit dazu.<\/p>\n\n\n\n<div class=\"wp-block-image\"><figure class=\"aligncenter size-large\"><img loading=\"lazy\" decoding=\"async\" width=\"640\" height=\"480\" src=\"http:\/\/krines.org\/wp-content\/uploads\/2021\/06\/Bucklig.jpg\" alt=\"\" class=\"wp-image-2906\" srcset=\"http:\/\/krines.org\/wp-content\/uploads\/2021\/06\/Bucklig.jpg 640w, http:\/\/krines.org\/wp-content\/uploads\/2021\/06\/Bucklig-300x225.jpg 300w\" sizes=\"auto, (max-width: 640px) 100vw, 640px\" \/><figcaption>Ohne Worte.<\/figcaption><\/figure><\/div>\n\n\n\n<div class=\"wp-block-image\"><figure class=\"aligncenter size-large\"><img loading=\"lazy\" decoding=\"async\" width=\"640\" height=\"480\" src=\"http:\/\/krines.org\/wp-content\/uploads\/2021\/06\/Kitzeckimsausal.jpg\" alt=\"\" class=\"wp-image-2905\" srcset=\"http:\/\/krines.org\/wp-content\/uploads\/2021\/06\/Kitzeckimsausal.jpg 640w, http:\/\/krines.org\/wp-content\/uploads\/2021\/06\/Kitzeckimsausal-300x225.jpg 300w\" sizes=\"auto, (max-width: 640px) 100vw, 640px\" \/><figcaption>Ein Blick in die Ferne von <a href=\"https:\/\/de.wikipedia.org\/wiki\/Kitzeck_im_Sausal\" target=\"_blank\" rel=\"noreferrer noopener\">Kitzeck im Sausal <\/a>aus.<\/figcaption><\/figure><\/div>\n","protected":false},"excerpt":{"rendered":"<p>Das Burgenland ist das \u00f6stlichste der L\u00e4nder \u00d6sterreichs und gemessen an seiner Einwohnerzahl kleinste. Das Land ist stark von der Landwirtschaft gepr\u00e4gt, viele pendeln nach Wien, oder Graz zur Arbeit. Die Grundst\u00fcckspreise sind hier noch \u00e4u\u00dferst niedrig. Erst durch den Vertrag von Trianon wurde das Burgenland im Jahr 1921 in das \u00f6sterreichische Staatsgebiet eingegliedert. Die &hellip; <\/p>\n<p class=\"link-more\"><a href=\"http:\/\/krines.org\/?p=2892\" class=\"more-link\"><span class=\"screen-reader-text\">\u201eVom Burgenland in die Steiermark\u201c <\/span>weiterlesen<\/a><\/p>\n","protected":false},"author":1,"featured_media":0,"comment_status":"open","ping_status":"open","sticky":false,"template":"","format":"standard","meta":{"footnotes":""},"categories":[18],"tags":[],"class_list":["post-2892","post","type-post","status-publish","format-standard","hentry","category-oesterreich"],"_links":{"self":[{"href":"http:\/\/krines.org\/index.php?rest_route=\/wp\/v2\/posts\/2892","targetHints":{"allow":["GET"]}}],"collection":[{"href":"http:\/\/krines.org\/index.php?rest_route=\/wp\/v2\/posts"}],"about":[{"href":"http:\/\/krines.org\/index.php?rest_route=\/wp\/v2\/types\/post"}],"author":[{"embeddable":true,"href":"http:\/\/krines.org\/index.php?rest_route=\/wp\/v2\/users\/1"}],"replies":[{"embeddable":true,"href":"http:\/\/krines.org\/index.php?rest_route=%2Fwp%2Fv2%2Fcomments&post=2892"}],"version-history":[{"count":14,"href":"http:\/\/krines.org\/index.php?rest_route=\/wp\/v2\/posts\/2892\/revisions"}],"predecessor-version":[{"id":2919,"href":"http:\/\/krines.org\/index.php?rest_route=\/wp\/v2\/posts\/2892\/revisions\/2919"}],"wp:attachment":[{"href":"http:\/\/krines.org\/index.php?rest_route=%2Fwp%2Fv2%2Fmedia&parent=2892"}],"wp:term":[{"taxonomy":"category","embeddable":true,"href":"http:\/\/krines.org\/index.php?rest_route=%2Fwp%2Fv2%2Fcategories&post=2892"},{"taxonomy":"post_tag","embeddable":true,"href":"http:\/\/krines.org\/index.php?rest_route=%2Fwp%2Fv2%2Ftags&post=2892"}],"curies":[{"name":"wp","href":"https:\/\/api.w.org\/{rel}","templated":true}]}}