{"id":2964,"date":"2021-07-07T22:42:24","date_gmt":"2021-07-07T22:42:24","guid":{"rendered":"http:\/\/krines.org\/?p=2964"},"modified":"2021-07-07T22:42:24","modified_gmt":"2021-07-07T22:42:24","slug":"die-wanderung-das-kz-und-die-buergermeisterin","status":"publish","type":"post","link":"http:\/\/krines.org\/?p=2964","title":{"rendered":"Die Wanderung, das KZ und die B\u00fcrgermeisterin"},"content":{"rendered":"\n<p>In <a rel=\"noreferrer noopener\" href=\"https:\/\/de.wikipedia.org\/wiki\/Bad_Aussee\" target=\"_blank\">Bad Aussee<\/a>, einem kleinen St\u00e4dtchen  am Rande der Steiermark \u00fcbernachten wir auf einem Schotterparkplatz, wie so oft. Im Ort befindet sich, der mittlerweile revidierte geografische Mittelpunkt \u00d6sterreichs in Form eines Mercedessterns, finanziert von der Daimler AG, Stuttgart. Auf Skulpturen und die Geschichte des volksnahen <a rel=\"noreferrer noopener\" href=\"https:\/\/de.wikipedia.org\/wiki\/Johann_von_%C3%96sterreich\" target=\"_blank\">Erzherzogs Johann<\/a>  trifft man an vielen Stellen vor Ort. Er hat nicht nur eine B\u00fcrgerliche geheiratet (die Poster Dora von Bad Aussee), sondern war auch ein Anh\u00e4nger freiheitlicher Ideen. Klaus Maria Brandauer wurde ebenfalls hier geboren. Am n\u00e4chsten Tag machen wir eine Wanderung um den <a rel=\"noreferrer noopener\" href=\"https:\/\/de.wikipedia.org\/wiki\/Altausseer_See\" target=\"_blank\">Altausseer See<\/a>, genie\u00dfen die Landschaft auf dem sieben Kilometer langen Rentnerweg und entdecken weitere historische Bez\u00fcge, die ins Hohenloher Land reichen. Der See liegt malerisch eingebettet im Toten Gebirge, von der Trisselwand majest\u00e4tisch flankiert. Mit offenen Augen laufend und begleitet von gut gemachten Informationstafeln am Rande des Weges, schrumpft die Welt zusammen, die Bedrohlichkeit der Fremde wird gebannt. Wir fahren zu einem neu er\u00f6ffneten privaten Stellplatz in der N\u00e4he des Sees. Dort wollen wir entsorgen und unseren Wasservorrat auff\u00fcllen. Ein Herr in Tracht n\u00e4hert sich unserem Wagen beim Wendeman\u00f6ver am Platz. Ich lasse die Scheibe herunter und frage ihn welchen Betrag er f\u00fcr diese Dienstleistung m\u00f6chte. Er antwortet: &#8222;F\u00fcnf Euro&#8220; und uns kommt es so vor, als h\u00e4tten wir ihn mit dieser Frage \u00fcberrumpelt, denn er richtete die H\u00f6he des Betrages selbst unsicher fragend an uns.  Auf dem Gel\u00e4nde ert\u00f6nt Blasmusik. Menschen in vollem Trachtenwichs sitzen auf B\u00e4nken, stehen herum, sitzen \u00fcber Speisen und laben sich an ausgeschenkten Getr\u00e4nken. Es ist ein Fest im Gange und wir sind, so scheint es, mitten in die Einweihungsfeierlichkeiten des Platzes geraten. Wir fahren zur Abla\u00dfstelle und der &#8222;Trachtenboss&#8220; spricht mit Karin. Ich bin gerade dabei unsere Toilette zu entleeren, als sich eine hochgestellte Dame mit Sandalen und rot lackierten Fu\u00dfn\u00e4geln zu uns gesellt. Sie gr\u00fc\u00dft mich freundlich, w\u00e4hrend ich unsere nur m\u00e4\u00dfig zersetzten F\u00e4kalien aus der Klokassette neben ihre F\u00fc\u00dfe in das vorgesehene Bodenloch kippe. Der &#8222;Trachtenboss&#8220; und die Dame der Politik sehen emotionslos zu und ziehen dann weiter Richtung Blasmusik. Nach dem letzten Sp\u00fclgang der Kassette drehe ich mich um und sehe in der Ferne deutlich das Tattoo auf ihrer rechten Schulter. <\/p>\n\n\n\n<p>In <a rel=\"noreferrer noopener\" href=\"https:\/\/de.wikipedia.org\/wiki\/Ebensee_am_Traunsee\" target=\"_blank\">Ebensee<\/a> fahren wir ab, weil wir ein Hinweisschild zu einer KZ-Gedenkst\u00e4tte entdecken. Wir fahren durch ein Siedlungsgebiet, in dem pl\u00f6tzlich ein Torbogen steht. Der ehemalige Eingang zum KZ. Die Siedlung wurde also mitten in das KZ gebaut. Wir finden das sehr befremdlich und parken neben dem Spielplatz, der sich in unmittelbarer N\u00e4he zum Friedhof des Lagers befindet. Als wir aussteigen ruft uns ein Mann, der gerade mit seinem Kind an der Schaukel steht zu: &#8222;Na, ihr Ha\u00dffurter.&#8220; Er hat unser Kennzeichen gesehen und das Autokennzeichen unseres Landkreises kennt er als geb\u00fcrtiger Ingolst\u00e4dter schlie\u00dflich. Seine Frau gr\u00fc\u00dft uns ebenfalls sehr freundlich. Wir kommen mit den beiden ins Gespr\u00e4ch. Sie wohnen seit l\u00e4ngerem hier und empfehlen uns den Besuch des Friedhofes und des Stollens, f\u00fcr den wir einen Spaziergang durch die Siedlung unternehmen m\u00fcssen, da er sich am Rande des bebauten Gebietes befindet. Wie sich herausstellt, hat die Frau j\u00fcdische Wurzeln. Ihr Gro\u00dfvater (oder war es der Vater) war in Mauthausen interniert, dem Hauptlager von Ebensee. Wir denken lange \u00fcber diesen Zufall nach, erlauben uns kein Urteil, stellen jedoch fest, da\u00df in \u00d6sterreich wenigstens Hinweisschilder zu KZ-Nebenlager existieren, anders als in Deutschland. Wir k\u00f6nnen uns nicht erinnern, z.B. in Bad Fallingbostel eine Hinweistafel gesehen zu haben, die auf ein ehemaliges Internierungslager hinweist. Die deutsche Erinnerungskultur erscheint uns ein wenig selektiv, um es vorsichtig auszudr\u00fccken. <\/p>\n\n\n\n<p>Zur\u00fcck in Deutschland fallen uns die \u00fcberdimensionierten Hinweisschilder zu Kl\u00e4ranlagen auf. Die haben wir in keinem Bundesland in \u00d6sterreich gesehen. Warum stehen diese Schilder in Deutschland? Gibt es bei uns etwa einen Kl\u00e4ranlagentourismus? Der Bauhofmitarbeiter und sonstiges Fachpersonal d\u00fcrften doch auch ohne Schild wissen wie sie zur Kl\u00e4ranlage finden. Seltsam, aber so etwas f\u00e4llt eben auf, wenn man eine Zeit lang die vertraute Umgebung hinter sich l\u00e4\u00dft.<\/p>\n\n\n\n<p>Das Fazit zu unserer Reise durch \u00d6sterreich f\u00e4llt durchweg positiv aus. Wir haben sehr kommunikative und hilfsbereite Menschen kennengelernt, freundlich mit angenehmen Humor, mit denen auch tiefgr\u00fcndige Gespr\u00e4che  m\u00f6glich und erw\u00fcnscht waren. Vor allem lohnt es sich, dieses Land abseits der touristischen Hotspots zu erkunden.<\/p>\n\n\n\n<div class=\"wp-block-image\"><figure class=\"aligncenter size-large\"><img loading=\"lazy\" decoding=\"async\" width=\"1000\" height=\"667\" src=\"http:\/\/krines.org\/wp-content\/uploads\/2021\/07\/Bauernleben.jpg\" alt=\"\" class=\"wp-image-2983\" srcset=\"http:\/\/krines.org\/wp-content\/uploads\/2021\/07\/Bauernleben.jpg 1000w, http:\/\/krines.org\/wp-content\/uploads\/2021\/07\/Bauernleben-300x200.jpg 300w, http:\/\/krines.org\/wp-content\/uploads\/2021\/07\/Bauernleben-768x512.jpg 768w\" sizes=\"auto, (max-width: 767px) 89vw, (max-width: 1000px) 54vw, (max-width: 1071px) 543px, 580px\" \/><figcaption>Mit Bauernleben reisen wir nicht nur mit Wein aus dem Kamptal&#8230;.<\/figcaption><\/figure><\/div>\n\n\n\n<div class=\"wp-block-image\"><figure class=\"aligncenter size-large\"><img loading=\"lazy\" decoding=\"async\" width=\"1000\" height=\"667\" src=\"http:\/\/krines.org\/wp-content\/uploads\/2021\/07\/Ferd.jpg\" alt=\"\" class=\"wp-image-2982\" srcset=\"http:\/\/krines.org\/wp-content\/uploads\/2021\/07\/Ferd.jpg 1000w, http:\/\/krines.org\/wp-content\/uploads\/2021\/07\/Ferd-300x200.jpg 300w, http:\/\/krines.org\/wp-content\/uploads\/2021\/07\/Ferd-768x512.jpg 768w\" sizes=\"auto, (max-width: 767px) 89vw, (max-width: 1000px) 54vw, (max-width: 1071px) 543px, 580px\" \/><figcaption>Ein neugieriges Pony am Abend.<\/figcaption><\/figure><\/div>\n\n\n\n<div class=\"wp-block-image\"><figure class=\"aligncenter size-large\"><img loading=\"lazy\" decoding=\"async\" width=\"1000\" height=\"667\" src=\"http:\/\/krines.org\/wp-content\/uploads\/2021\/07\/OTirol.jpg\" alt=\"\" class=\"wp-image-2981\" srcset=\"http:\/\/krines.org\/wp-content\/uploads\/2021\/07\/OTirol.jpg 1000w, http:\/\/krines.org\/wp-content\/uploads\/2021\/07\/OTirol-300x200.jpg 300w, http:\/\/krines.org\/wp-content\/uploads\/2021\/07\/OTirol-768x512.jpg 768w\" sizes=\"auto, (max-width: 767px) 89vw, (max-width: 1000px) 54vw, (max-width: 1071px) 543px, 580px\" \/><figcaption>Im Lesachtal bei <a href=\"https:\/\/de.wikipedia.org\/wiki\/Maria_Luggau\" target=\"_blank\" rel=\"noreferrer noopener\">Maria Luggau<\/a>.<\/figcaption><\/figure><\/div>\n\n\n\n<div class=\"wp-block-image\"><figure class=\"aligncenter size-large\"><img loading=\"lazy\" decoding=\"async\" width=\"640\" height=\"480\" src=\"http:\/\/krines.org\/wp-content\/uploads\/2021\/07\/Badausseestern.jpg\" alt=\"\" class=\"wp-image-2988\" srcset=\"http:\/\/krines.org\/wp-content\/uploads\/2021\/07\/Badausseestern.jpg 640w, http:\/\/krines.org\/wp-content\/uploads\/2021\/07\/Badausseestern-300x225.jpg 300w\" sizes=\"auto, (max-width: 640px) 100vw, 640px\" \/><figcaption>Der mittlerweile widerlegte geografische Mittelpunkt \u00d6sterreichs in <a href=\"https:\/\/de.wikipedia.org\/wiki\/Bad_Aussee\" target=\"_blank\" rel=\"noreferrer noopener\">Bad Aussee<\/a>.<\/figcaption><\/figure><\/div>\n\n\n\n<div class=\"wp-block-image\"><figure class=\"aligncenter size-large\"><img loading=\"lazy\" decoding=\"async\" width=\"640\" height=\"480\" src=\"http:\/\/krines.org\/wp-content\/uploads\/2021\/07\/Badausseewandern.jpg\" alt=\"\" class=\"wp-image-2986\" srcset=\"http:\/\/krines.org\/wp-content\/uploads\/2021\/07\/Badausseewandern.jpg 640w, http:\/\/krines.org\/wp-content\/uploads\/2021\/07\/Badausseewandern-300x225.jpg 300w\" sizes=\"auto, (max-width: 640px) 100vw, 640px\" \/><figcaption>Wanderung am <a href=\"https:\/\/de.wikipedia.org\/wiki\/Altausseer_See\" target=\"_blank\" rel=\"noreferrer noopener\">Altausseer See<\/a>.<\/figcaption><\/figure><\/div>\n\n\n\n<div class=\"wp-block-image\"><figure class=\"aligncenter size-large\"><img loading=\"lazy\" decoding=\"async\" width=\"640\" height=\"480\" src=\"http:\/\/krines.org\/wp-content\/uploads\/2021\/07\/Badausseefrueh.jpg\" alt=\"\" class=\"wp-image-2987\" srcset=\"http:\/\/krines.org\/wp-content\/uploads\/2021\/07\/Badausseefrueh.jpg 640w, http:\/\/krines.org\/wp-content\/uploads\/2021\/07\/Badausseefrueh-300x225.jpg 300w\" sizes=\"auto, (max-width: 640px) 100vw, 640px\" \/><figcaption>Davor wird nat\u00fcrlich gefr\u00fchst\u00fcckt.<\/figcaption><\/figure><\/div>\n\n\n\n<div class=\"wp-block-image\"><figure class=\"aligncenter size-large\"><img loading=\"lazy\" decoding=\"async\" width=\"1000\" height=\"667\" src=\"http:\/\/krines.org\/wp-content\/uploads\/2021\/07\/Ebensee.jpg\" alt=\"\" class=\"wp-image-2979\" srcset=\"http:\/\/krines.org\/wp-content\/uploads\/2021\/07\/Ebensee.jpg 1000w, http:\/\/krines.org\/wp-content\/uploads\/2021\/07\/Ebensee-300x200.jpg 300w, http:\/\/krines.org\/wp-content\/uploads\/2021\/07\/Ebensee-768x512.jpg 768w\" sizes=\"auto, (max-width: 767px) 89vw, (max-width: 1000px) 54vw, (max-width: 1071px) 543px, 580px\" \/><figcaption>Friedhof des ehemaligen KZ Ebensee.<\/figcaption><\/figure><\/div>\n\n\n\n<div class=\"wp-block-image\"><figure class=\"aligncenter size-large\"><img loading=\"lazy\" decoding=\"async\" width=\"1000\" height=\"667\" src=\"http:\/\/krines.org\/wp-content\/uploads\/2021\/07\/Ebensee1.jpg\" alt=\"\" class=\"wp-image-2978\" srcset=\"http:\/\/krines.org\/wp-content\/uploads\/2021\/07\/Ebensee1.jpg 1000w, http:\/\/krines.org\/wp-content\/uploads\/2021\/07\/Ebensee1-300x200.jpg 300w, http:\/\/krines.org\/wp-content\/uploads\/2021\/07\/Ebensee1-768x512.jpg 768w\" sizes=\"auto, (max-width: 767px) 89vw, (max-width: 1000px) 54vw, (max-width: 1071px) 543px, 580px\" \/><\/figure><\/div>\n\n\n\n<figure class=\"wp-block-gallery columns-3 is-cropped wp-block-gallery-1 is-layout-flex wp-block-gallery-is-layout-flex\"><ul class=\"blocks-gallery-grid\"><li class=\"blocks-gallery-item\"><figure><img loading=\"lazy\" decoding=\"async\" width=\"1000\" height=\"667\" src=\"http:\/\/krines.org\/wp-content\/uploads\/2021\/07\/Ebensee2.jpg\" alt=\"\" data-id=\"2977\" data-full-url=\"http:\/\/krines.org\/wp-content\/uploads\/2021\/07\/Ebensee2.jpg\" data-link=\"http:\/\/krines.org\/?attachment_id=2977\" class=\"wp-image-2977\" srcset=\"http:\/\/krines.org\/wp-content\/uploads\/2021\/07\/Ebensee2.jpg 1000w, http:\/\/krines.org\/wp-content\/uploads\/2021\/07\/Ebensee2-300x200.jpg 300w, http:\/\/krines.org\/wp-content\/uploads\/2021\/07\/Ebensee2-768x512.jpg 768w\" sizes=\"auto, (max-width: 767px) 89vw, (max-width: 1000px) 54vw, (max-width: 1071px) 543px, 580px\" \/><\/figure><\/li><li class=\"blocks-gallery-item\"><figure><img loading=\"lazy\" decoding=\"async\" width=\"1000\" height=\"667\" src=\"http:\/\/krines.org\/wp-content\/uploads\/2021\/07\/Ebensee3.jpg\" alt=\"\" data-id=\"2976\" data-full-url=\"http:\/\/krines.org\/wp-content\/uploads\/2021\/07\/Ebensee3.jpg\" data-link=\"http:\/\/krines.org\/?attachment_id=2976\" class=\"wp-image-2976\" srcset=\"http:\/\/krines.org\/wp-content\/uploads\/2021\/07\/Ebensee3.jpg 1000w, http:\/\/krines.org\/wp-content\/uploads\/2021\/07\/Ebensee3-300x200.jpg 300w, http:\/\/krines.org\/wp-content\/uploads\/2021\/07\/Ebensee3-768x512.jpg 768w\" sizes=\"auto, (max-width: 767px) 89vw, (max-width: 1000px) 54vw, (max-width: 1071px) 543px, 580px\" \/><\/figure><\/li><li class=\"blocks-gallery-item\"><figure><img loading=\"lazy\" decoding=\"async\" width=\"1000\" height=\"667\" src=\"http:\/\/krines.org\/wp-content\/uploads\/2021\/07\/Ebensee4.jpg\" alt=\"\" data-id=\"2975\" data-full-url=\"http:\/\/krines.org\/wp-content\/uploads\/2021\/07\/Ebensee4.jpg\" data-link=\"http:\/\/krines.org\/?attachment_id=2975\" class=\"wp-image-2975\" srcset=\"http:\/\/krines.org\/wp-content\/uploads\/2021\/07\/Ebensee4.jpg 1000w, http:\/\/krines.org\/wp-content\/uploads\/2021\/07\/Ebensee4-300x200.jpg 300w, http:\/\/krines.org\/wp-content\/uploads\/2021\/07\/Ebensee4-768x512.jpg 768w\" sizes=\"auto, (max-width: 767px) 89vw, (max-width: 1000px) 54vw, (max-width: 1071px) 543px, 580px\" \/><\/figure><\/li><li class=\"blocks-gallery-item\"><figure><img loading=\"lazy\" decoding=\"async\" width=\"1000\" height=\"667\" src=\"http:\/\/krines.org\/wp-content\/uploads\/2021\/07\/Ebensee5.jpg\" alt=\"\" data-id=\"2974\" data-full-url=\"http:\/\/krines.org\/wp-content\/uploads\/2021\/07\/Ebensee5.jpg\" data-link=\"http:\/\/krines.org\/?attachment_id=2974\" class=\"wp-image-2974\" srcset=\"http:\/\/krines.org\/wp-content\/uploads\/2021\/07\/Ebensee5.jpg 1000w, http:\/\/krines.org\/wp-content\/uploads\/2021\/07\/Ebensee5-300x200.jpg 300w, http:\/\/krines.org\/wp-content\/uploads\/2021\/07\/Ebensee5-768x512.jpg 768w\" sizes=\"auto, (max-width: 767px) 89vw, (max-width: 1000px) 54vw, (max-width: 1071px) 543px, 580px\" \/><\/figure><\/li><li class=\"blocks-gallery-item\"><figure><img loading=\"lazy\" decoding=\"async\" width=\"1000\" height=\"667\" src=\"http:\/\/krines.org\/wp-content\/uploads\/2021\/07\/Ebensee6.jpg\" alt=\"\" data-id=\"2973\" data-full-url=\"http:\/\/krines.org\/wp-content\/uploads\/2021\/07\/Ebensee6.jpg\" data-link=\"http:\/\/krines.org\/?attachment_id=2973\" class=\"wp-image-2973\" srcset=\"http:\/\/krines.org\/wp-content\/uploads\/2021\/07\/Ebensee6.jpg 1000w, http:\/\/krines.org\/wp-content\/uploads\/2021\/07\/Ebensee6-300x200.jpg 300w, http:\/\/krines.org\/wp-content\/uploads\/2021\/07\/Ebensee6-768x512.jpg 768w\" sizes=\"auto, (max-width: 767px) 89vw, (max-width: 1000px) 54vw, (max-width: 1071px) 543px, 580px\" \/><figcaption class=\"blocks-gallery-item__caption\">Vor dem Eingang zum Stollen.<\/figcaption><\/figure><\/li><li class=\"blocks-gallery-item\"><figure><img loading=\"lazy\" decoding=\"async\" width=\"480\" height=\"640\" src=\"http:\/\/krines.org\/wp-content\/uploads\/2021\/07\/EingangKZ.jpg\" alt=\"\" data-id=\"2985\" data-full-url=\"http:\/\/krines.org\/wp-content\/uploads\/2021\/07\/EingangKZ.jpg\" data-link=\"http:\/\/krines.org\/?attachment_id=2985\" class=\"wp-image-2985\" srcset=\"http:\/\/krines.org\/wp-content\/uploads\/2021\/07\/EingangKZ.jpg 480w, http:\/\/krines.org\/wp-content\/uploads\/2021\/07\/EingangKZ-225x300.jpg 225w\" sizes=\"auto, (max-width: 480px) 100vw, 480px\" \/><figcaption class=\"blocks-gallery-item__caption\">Der Eingang zum ehemaligen KZ befindet sich heute mitten im Siedlungsgebiet.<\/figcaption><\/figure><\/li><\/ul><\/figure>\n\n\n\n<div class=\"wp-block-image\"><figure class=\"aligncenter size-large\"><img loading=\"lazy\" decoding=\"async\" width=\"1000\" height=\"667\" src=\"http:\/\/krines.org\/wp-content\/uploads\/2021\/07\/Zipf.jpg\" alt=\"\" class=\"wp-image-2972\" srcset=\"http:\/\/krines.org\/wp-content\/uploads\/2021\/07\/Zipf.jpg 1000w, http:\/\/krines.org\/wp-content\/uploads\/2021\/07\/Zipf-300x200.jpg 300w, http:\/\/krines.org\/wp-content\/uploads\/2021\/07\/Zipf-768x512.jpg 768w\" sizes=\"auto, (max-width: 767px) 89vw, (max-width: 1000px) 54vw, (max-width: 1071px) 543px, 580px\" \/><figcaption>Das ehemalige <a href=\"https:\/\/de.wikipedia.org\/wiki\/KZ-Nebenlager_Redl-Zipf\" target=\"_blank\" rel=\"noreferrer noopener\">KZ-Nebenlager Redl-Zipf<\/a> in Neukirchen an der V\u00f6ckla.<\/figcaption><\/figure><\/div>\n\n\n\n<div class=\"wp-block-image\"><figure class=\"aligncenter size-large\"><img loading=\"lazy\" decoding=\"async\" width=\"1000\" height=\"667\" src=\"http:\/\/krines.org\/wp-content\/uploads\/2021\/07\/Braunaurast1.jpg\" alt=\"\" class=\"wp-image-2968\" srcset=\"http:\/\/krines.org\/wp-content\/uploads\/2021\/07\/Braunaurast1.jpg 1000w, http:\/\/krines.org\/wp-content\/uploads\/2021\/07\/Braunaurast1-300x200.jpg 300w, http:\/\/krines.org\/wp-content\/uploads\/2021\/07\/Braunaurast1-768x512.jpg 768w\" sizes=\"auto, (max-width: 767px) 89vw, (max-width: 1000px) 54vw, (max-width: 1071px) 543px, 580px\" \/><figcaption>Die letzte Rast auf \u00f6sterreichischem Boden, kurz vor <a rel=\"noreferrer noopener\" href=\"https:\/\/de.wikipedia.org\/wiki\/Braunau_am_Innhttps:\/\/de.wikipedia.org\/wiki\/Braunau_am_Inn\" target=\"_blank\">Braunau am Inn<\/a>.<\/figcaption><\/figure><\/div>\n\n\n\n<div class=\"wp-block-image\"><figure class=\"aligncenter size-large\"><img loading=\"lazy\" decoding=\"async\" width=\"1000\" height=\"667\" src=\"http:\/\/krines.org\/wp-content\/uploads\/2021\/07\/Braunaurast.jpg\" alt=\"\" class=\"wp-image-2969\" srcset=\"http:\/\/krines.org\/wp-content\/uploads\/2021\/07\/Braunaurast.jpg 1000w, http:\/\/krines.org\/wp-content\/uploads\/2021\/07\/Braunaurast-300x200.jpg 300w, http:\/\/krines.org\/wp-content\/uploads\/2021\/07\/Braunaurast-768x512.jpg 768w\" sizes=\"auto, (max-width: 767px) 89vw, (max-width: 1000px) 54vw, (max-width: 1071px) 543px, 580px\" \/><figcaption>Ein Zipfer aus Zipf. Es schlie\u00dft sich der Kreis&#8230;.<\/figcaption><\/figure><\/div>\n\n\n\n<div class=\"wp-block-image\"><figure class=\"aligncenter size-large\"><img loading=\"lazy\" decoding=\"async\" width=\"1000\" height=\"667\" src=\"http:\/\/krines.org\/wp-content\/uploads\/2021\/07\/Altoe.jpg\" alt=\"\" class=\"wp-image-2967\" srcset=\"http:\/\/krines.org\/wp-content\/uploads\/2021\/07\/Altoe.jpg 1000w, http:\/\/krines.org\/wp-content\/uploads\/2021\/07\/Altoe-300x200.jpg 300w, http:\/\/krines.org\/wp-content\/uploads\/2021\/07\/Altoe-768x512.jpg 768w\" sizes=\"auto, (max-width: 767px) 89vw, (max-width: 1000px) 54vw, (max-width: 1071px) 543px, 580px\" \/><figcaption>In Alt\u00f6tting.<\/figcaption><\/figure><\/div>\n\n\n\n<figure class=\"wp-block-gallery columns-2 is-cropped wp-block-gallery-2 is-layout-flex wp-block-gallery-is-layout-flex\"><ul class=\"blocks-gallery-grid\"><li class=\"blocks-gallery-item\"><figure><img loading=\"lazy\" decoding=\"async\" width=\"1000\" height=\"667\" src=\"http:\/\/krines.org\/wp-content\/uploads\/2021\/07\/Altoe1.jpg\" alt=\"\" data-id=\"2966\" data-full-url=\"http:\/\/krines.org\/wp-content\/uploads\/2021\/07\/Altoe1.jpg\" data-link=\"http:\/\/krines.org\/?attachment_id=2966\" class=\"wp-image-2966\" srcset=\"http:\/\/krines.org\/wp-content\/uploads\/2021\/07\/Altoe1.jpg 1000w, http:\/\/krines.org\/wp-content\/uploads\/2021\/07\/Altoe1-300x200.jpg 300w, http:\/\/krines.org\/wp-content\/uploads\/2021\/07\/Altoe1-768x512.jpg 768w\" sizes=\"auto, (max-width: 767px) 89vw, (max-width: 1000px) 54vw, (max-width: 1071px) 543px, 580px\" \/><\/figure><\/li><li class=\"blocks-gallery-item\"><figure><img loading=\"lazy\" decoding=\"async\" width=\"640\" height=\"480\" src=\"http:\/\/krines.org\/wp-content\/uploads\/2021\/07\/AOEstand.jpg\" alt=\"\" data-id=\"2984\" data-full-url=\"http:\/\/krines.org\/wp-content\/uploads\/2021\/07\/AOEstand.jpg\" data-link=\"http:\/\/krines.org\/?attachment_id=2984\" class=\"wp-image-2984\" srcset=\"http:\/\/krines.org\/wp-content\/uploads\/2021\/07\/AOEstand.jpg 640w, http:\/\/krines.org\/wp-content\/uploads\/2021\/07\/AOEstand-300x225.jpg 300w\" sizes=\"auto, (max-width: 640px) 100vw, 640px\" \/><\/figure><\/li><\/ul><\/figure>\n\n\n\n<p><\/p>\n","protected":false},"excerpt":{"rendered":"<p>In Bad Aussee, einem kleinen St\u00e4dtchen am Rande der Steiermark \u00fcbernachten wir auf einem Schotterparkplatz, wie so oft. Im Ort befindet sich, der mittlerweile revidierte geografische Mittelpunkt \u00d6sterreichs in Form eines Mercedessterns, finanziert von der Daimler AG, Stuttgart. Auf Skulpturen und die Geschichte des volksnahen Erzherzogs Johann trifft man an vielen Stellen vor Ort. Er &hellip; <\/p>\n<p class=\"link-more\"><a href=\"http:\/\/krines.org\/?p=2964\" class=\"more-link\"><span class=\"screen-reader-text\">\u201eDie Wanderung, das KZ und die B\u00fcrgermeisterin\u201c <\/span>weiterlesen<\/a><\/p>\n","protected":false},"author":1,"featured_media":2989,"comment_status":"open","ping_status":"open","sticky":false,"template":"","format":"standard","meta":{"footnotes":""},"categories":[18],"tags":[],"class_list":["post-2964","post","type-post","status-publish","format-standard","has-post-thumbnail","hentry","category-oesterreich"],"_links":{"self":[{"href":"http:\/\/krines.org\/index.php?rest_route=\/wp\/v2\/posts\/2964","targetHints":{"allow":["GET"]}}],"collection":[{"href":"http:\/\/krines.org\/index.php?rest_route=\/wp\/v2\/posts"}],"about":[{"href":"http:\/\/krines.org\/index.php?rest_route=\/wp\/v2\/types\/post"}],"author":[{"embeddable":true,"href":"http:\/\/krines.org\/index.php?rest_route=\/wp\/v2\/users\/1"}],"replies":[{"embeddable":true,"href":"http:\/\/krines.org\/index.php?rest_route=%2Fwp%2Fv2%2Fcomments&post=2964"}],"version-history":[{"count":15,"href":"http:\/\/krines.org\/index.php?rest_route=\/wp\/v2\/posts\/2964\/revisions"}],"predecessor-version":[{"id":3009,"href":"http:\/\/krines.org\/index.php?rest_route=\/wp\/v2\/posts\/2964\/revisions\/3009"}],"wp:featuredmedia":[{"embeddable":true,"href":"http:\/\/krines.org\/index.php?rest_route=\/wp\/v2\/media\/2989"}],"wp:attachment":[{"href":"http:\/\/krines.org\/index.php?rest_route=%2Fwp%2Fv2%2Fmedia&parent=2964"}],"wp:term":[{"taxonomy":"category","embeddable":true,"href":"http:\/\/krines.org\/index.php?rest_route=%2Fwp%2Fv2%2Fcategories&post=2964"},{"taxonomy":"post_tag","embeddable":true,"href":"http:\/\/krines.org\/index.php?rest_route=%2Fwp%2Fv2%2Ftags&post=2964"}],"curies":[{"name":"wp","href":"https:\/\/api.w.org\/{rel}","templated":true}]}}