{"id":3273,"date":"2021-11-02T21:57:52","date_gmt":"2021-11-02T21:57:52","guid":{"rendered":"http:\/\/krines.org\/?p=3273"},"modified":"2021-11-02T23:14:16","modified_gmt":"2021-11-02T23:14:16","slug":"albanien-auf-wiedersehn-ein-fazit","status":"publish","type":"post","link":"http:\/\/krines.org\/?p=3273","title":{"rendered":"Auf Wiedersehn Albanien- ein Fazit"},"content":{"rendered":"\n<p>Vor unserer Reise nach Albanien wussten wir so gut wie nichts \u00fcber dieses Land. Sicher, der Name der Hauptstadt war uns gel\u00e4ufig, ebenso dessen ungef\u00e4hre geografische Lage. In deutschen Medien taucht Albanien in der Regel nur in Verbindung mit Drogengesch\u00e4ften im gro\u00dfen Stil auf. Nicht nur der europ\u00e4ische Kokainhandel soll von Albanien aus koordiniert werden, auch der Gro\u00dfteil illegaler Cannabisprodukte werden in Albanien produziert. Gesehen haben wir allerdings keine einzige Hanfpflanze, was wohl daran lag, da\u00df wir nach der Ernte anreisten, wie uns Einheimische erkl\u00e4rten. Bei der Erw\u00e4hnung unseres Reisezieles gingen die Reaktionen von Freunden und Bekannten im Vorfeld unserer Reise alle in die gleiche Richtung. Der Griff in die Schubladen der Vorurteile machte aus den Albaner entweder &#8222;Gauner&#8220;, oder &#8222;Messerstecher&#8220;, oftmals auch beides gleichzeitig. Wohl wissend, da\u00df das Unbekannte auf der einen Seite der Mystifizierung und Glorifizierung anheimfallen kann, auf der anderen Seite aber regelm\u00e4\u00dfiger die eben erw\u00e4hnte Abwertung hervorruft, wollten wir uns ein eigenes, unbefangenes Bild von Land und Leuten machen. Bereist haben wir ein Land, das uns landschaftlich enorm beeindruckt hat. Von den albanischen Alpen im Norden, bis zu griechisch gepr\u00e4gten Landstrichen im S\u00fcden des Landes. Die Freundlichkeit und Hilfsbereitschaft der Menschen wirkte auf uns in den ersten Tagen befremdlich. Wir sind es nicht gewohnt, von einem Wildfremden einfach etwas geschenkt zu bekommen, ohne Hintergedanken. Oftmals wurde uns zugewunken und vor allem Jugendliche haben uns auf Englisch und Deutsch angesprochen. &#8222;Welcome to Albania&#8220; h\u00f6rten wir nicht nur einmal. Und Deutschland wird von vielen in den h\u00f6chsten T\u00f6nen gelobt. Als Arbeiter waren auch viele schon f\u00fcr eine gewisse Zeit dort und k\u00f6nnen deswegen ein paar Brocken Deutsch. Irgendwoher m\u00fcssen ja die billigen Arbeiter unserer Subfirmen kommen. Die Gem\u00fcsest\u00e4nde am Stra\u00dfenrand bieten heimisches Obst und Gem\u00fcse von sehr guter Qualit\u00e4t an. Der Knoblauch ist saftig, die Gurken und Auberginen sind verschrumpelt, krumm und  fleckig, schmecken aber intensiv. Bei uns im Supermarkt sucht man diese Qualit\u00e4t vergebens. So etwas findet aufgrund seines Aussehens seinen Weg in die Auslagen nicht. Albanien ist das einzige europ\u00e4ische Land, in dem man mit dem Camper frei stehen darf. Davon haben wir regen Gebrauch gemacht und an keinem Ort hatten wir ein Problem. Im Gegenteil, die Begegnungen mit den Einheimischen waren immer freundlich und so mancher h\u00e4tte uns auch kostenlos Wasser f\u00fcr unseren Camper zur Verf\u00fcgung gestellt. Bei den zahlreichen Polizeikontrollen am Stra\u00dfenrand wurden wir immer durchgewunken. Es kursiert auch die Geschichte im Netz von der Polizeistreife, die sich bei einem frei stehenden Camper erkundigte, ob denn alles in Ordnung sei, oder ob er noch etwas br\u00e4uchte. In der ganzen Zeit hatten wir keine einzige Situation, in der wir uns unsicher f\u00fchlten. Um es mit den Worten Arvis zu sagen: &#8222;Seit froh jetzt hier zu sein, vor der gro\u00dfen Ver\u00e4nderung. So habt ihr Albanien noch einmal gesehen, bevor der Tourismusboom und die EU die Seele der Albaner besch\u00e4digen&#8220;. Dem k\u00f6nnen wir nur zustimmen. <\/p>\n\n\n\n<div class=\"wp-block-image\"><figure class=\"aligncenter size-full\"><img loading=\"lazy\" decoding=\"async\" width=\"636\" height=\"264\" src=\"http:\/\/krines.org\/wp-content\/uploads\/2021\/10\/Fischer.jpg\" alt=\"\" class=\"wp-image-3265\" srcset=\"http:\/\/krines.org\/wp-content\/uploads\/2021\/10\/Fischer.jpg 636w, http:\/\/krines.org\/wp-content\/uploads\/2021\/10\/Fischer-300x125.jpg 300w\" sizes=\"auto, (max-width: 636px) 100vw, 636px\" \/><figcaption>Fischer in der Bucht von <a href=\"https:\/\/de.wikipedia.org\/wiki\/Orikum\" target=\"_blank\" rel=\"noreferrer noopener\">Orikum<\/a>.<\/figcaption><\/figure><\/div>\n\n\n\n<div class=\"wp-block-image\"><figure class=\"aligncenter size-full\"><img loading=\"lazy\" decoding=\"async\" width=\"640\" height=\"480\" src=\"http:\/\/krines.org\/wp-content\/uploads\/2021\/10\/Karinorikum.jpg\" alt=\"\" class=\"wp-image-3264\" srcset=\"http:\/\/krines.org\/wp-content\/uploads\/2021\/10\/Karinorikum.jpg 640w, http:\/\/krines.org\/wp-content\/uploads\/2021\/10\/Karinorikum-300x225.jpg 300w\" sizes=\"auto, (max-width: 640px) 100vw, 640px\" \/><figcaption>In einem &#8222;guten Lokal&#8220; in Orikum. Die Bohnensuppe war sehr schmackhaft, der Oktopus dagegen buckelhart und die Fische waren zu Tode fritiert. Nach dem Essen hatten wir beide D\u00fcnnpfiff. Vermutlich war der Raki schuld \ud83d\ude42<\/figcaption><\/figure><\/div>\n\n\n\n<div class=\"wp-block-image\"><figure class=\"aligncenter size-full\"><img loading=\"lazy\" decoding=\"async\" width=\"640\" height=\"480\" src=\"http:\/\/krines.org\/wp-content\/uploads\/2021\/10\/Pelican.jpg\" alt=\"\" class=\"wp-image-3267\" srcset=\"http:\/\/krines.org\/wp-content\/uploads\/2021\/10\/Pelican.jpg 640w, http:\/\/krines.org\/wp-content\/uploads\/2021\/10\/Pelican-300x225.jpg 300w\" sizes=\"auto, (max-width: 640px) 100vw, 640px\" \/><figcaption>Der flugunf\u00e4hige Krauskopfpelikan Johnny.<\/figcaption><\/figure><\/div>\n\n\n\n<div class=\"wp-block-image\"><figure class=\"aligncenter size-full\"><img loading=\"lazy\" decoding=\"async\" width=\"636\" height=\"425\" src=\"http:\/\/krines.org\/wp-content\/uploads\/2021\/10\/Steg.jpg\" alt=\"\" class=\"wp-image-3266\" srcset=\"http:\/\/krines.org\/wp-content\/uploads\/2021\/10\/Steg.jpg 636w, http:\/\/krines.org\/wp-content\/uploads\/2021\/10\/Steg-300x200.jpg 300w\" sizes=\"auto, (max-width: 636px) 100vw, 636px\" \/><figcaption>Im <a href=\"https:\/\/de.wikipedia.org\/wiki\/Nationalpark_Divjaka-Karavasta\" target=\"_blank\" rel=\"noreferrer noopener\">Nationalpark Divjaka-Karavasta<\/a>.<\/figcaption><\/figure><\/div>\n\n\n\n<div class=\"wp-block-image\"><figure class=\"aligncenter size-full\"><img loading=\"lazy\" decoding=\"async\" width=\"1000\" height=\"667\" src=\"http:\/\/krines.org\/wp-content\/uploads\/2021\/10\/Osmburg.jpg\" alt=\"\" class=\"wp-image-3272\" srcset=\"http:\/\/krines.org\/wp-content\/uploads\/2021\/10\/Osmburg.jpg 1000w, http:\/\/krines.org\/wp-content\/uploads\/2021\/10\/Osmburg-300x200.jpg 300w, http:\/\/krines.org\/wp-content\/uploads\/2021\/10\/Osmburg-768x512.jpg 768w\" sizes=\"auto, (max-width: 767px) 89vw, (max-width: 1000px) 54vw, (max-width: 1071px) 543px, 580px\" \/><figcaption>Eine osmanische Festung.<\/figcaption><\/figure><\/div>\n\n\n\n<div class=\"wp-block-image\"><figure class=\"aligncenter size-full\"><img loading=\"lazy\" decoding=\"async\" width=\"1000\" height=\"667\" src=\"http:\/\/krines.org\/wp-content\/uploads\/2021\/11\/Schmutzlappen.jpg\" alt=\"\" class=\"wp-image-3279\" srcset=\"http:\/\/krines.org\/wp-content\/uploads\/2021\/11\/Schmutzlappen.jpg 1000w, http:\/\/krines.org\/wp-content\/uploads\/2021\/11\/Schmutzlappen-300x200.jpg 300w, http:\/\/krines.org\/wp-content\/uploads\/2021\/11\/Schmutzlappen-768x512.jpg 768w\" sizes=\"auto, (max-width: 767px) 89vw, (max-width: 1000px) 54vw, (max-width: 1071px) 543px, 580px\" \/><figcaption>Bei einem h\u00f6llischen Wendeman\u00f6ver auf dem Weg zur <a href=\"https:\/\/de.wikipedia.org\/wiki\/Rozafa\" target=\"_blank\" rel=\"noreferrer noopener\">Burg Rozafa<\/a> ist der Schmutzlappen abgefallen.<\/figcaption><\/figure><\/div>\n\n\n\n<div class=\"wp-block-image\"><figure class=\"aligncenter size-full\"><img loading=\"lazy\" decoding=\"async\" width=\"640\" height=\"480\" src=\"http:\/\/krines.org\/wp-content\/uploads\/2021\/10\/Skodrasee.jpg\" alt=\"\" class=\"wp-image-3262\" srcset=\"http:\/\/krines.org\/wp-content\/uploads\/2021\/10\/Skodrasee.jpg 640w, http:\/\/krines.org\/wp-content\/uploads\/2021\/10\/Skodrasee-300x225.jpg 300w\" sizes=\"auto, (max-width: 640px) 100vw, 640px\" \/><figcaption>Unser Stellplatz am <a href=\"https:\/\/de.wikipedia.org\/wiki\/Skutarisee\" target=\"_blank\" rel=\"noreferrer noopener\">Skutarisee<\/a>, am Tag vor unserer Abreise aus Albanien.<\/figcaption><\/figure><\/div>\n\n\n\n<div class=\"wp-block-image\"><figure class=\"aligncenter size-full\"><img loading=\"lazy\" decoding=\"async\" width=\"640\" height=\"480\" src=\"http:\/\/krines.org\/wp-content\/uploads\/2021\/11\/Albgrenze.jpg\" alt=\"\" class=\"wp-image-3286\" srcset=\"http:\/\/krines.org\/wp-content\/uploads\/2021\/11\/Albgrenze.jpg 640w, http:\/\/krines.org\/wp-content\/uploads\/2021\/11\/Albgrenze-300x225.jpg 300w\" sizes=\"auto, (max-width: 640px) 100vw, 640px\" \/><figcaption>Grenz\u00fcbergang nach Montenegro bei <a href=\"https:\/\/de.wikipedia.org\/wiki\/Han_i_Hotit\" target=\"_blank\" rel=\"noreferrer noopener\">Han i Hotit<\/a>.<\/figcaption><\/figure><\/div>\n\n\n\n<div class=\"wp-block-image\"><figure class=\"aligncenter size-large\"><img loading=\"lazy\" decoding=\"async\" width=\"1024\" height=\"230\" src=\"http:\/\/krines.org\/wp-content\/uploads\/2021\/11\/Montenegro-1024x230.jpg\" alt=\"\" class=\"wp-image-3284\" srcset=\"http:\/\/krines.org\/wp-content\/uploads\/2021\/11\/Montenegro-1024x230.jpg 1024w, http:\/\/krines.org\/wp-content\/uploads\/2021\/11\/Montenegro-300x68.jpg 300w, http:\/\/krines.org\/wp-content\/uploads\/2021\/11\/Montenegro-768x173.jpg 768w, http:\/\/krines.org\/wp-content\/uploads\/2021\/11\/Montenegro-1536x346.jpg 1536w, http:\/\/krines.org\/wp-content\/uploads\/2021\/11\/Montenegro.jpg 2000w\" sizes=\"auto, (max-width: 767px) 89vw, (max-width: 1000px) 54vw, (max-width: 1071px) 543px, 580px\" \/><figcaption>Landschaft in Montenegro.<\/figcaption><\/figure><\/div>\n\n\n\n<div class=\"wp-block-image\"><figure class=\"aligncenter size-full\"><img loading=\"lazy\" decoding=\"async\" width=\"640\" height=\"480\" src=\"http:\/\/krines.org\/wp-content\/uploads\/2021\/11\/Bosniengrenze.jpg\" alt=\"\" class=\"wp-image-3285\" srcset=\"http:\/\/krines.org\/wp-content\/uploads\/2021\/11\/Bosniengrenze.jpg 640w, http:\/\/krines.org\/wp-content\/uploads\/2021\/11\/Bosniengrenze-300x225.jpg 300w\" sizes=\"auto, (max-width: 640px) 100vw, 640px\" \/><figcaption>Grenz\u00fcbergang nach Bosnien und Herzegowina.<\/figcaption><\/figure><\/div>\n\n\n\n<div class=\"wp-block-image\"><figure class=\"aligncenter size-full\"><img loading=\"lazy\" decoding=\"async\" width=\"640\" height=\"480\" src=\"http:\/\/krines.org\/wp-content\/uploads\/2021\/11\/Bosnienkuehe.jpg\" alt=\"\" class=\"wp-image-3287\" srcset=\"http:\/\/krines.org\/wp-content\/uploads\/2021\/11\/Bosnienkuehe.jpg 640w, http:\/\/krines.org\/wp-content\/uploads\/2021\/11\/Bosnienkuehe-300x225.jpg 300w\" sizes=\"auto, (max-width: 640px) 100vw, 640px\" \/><figcaption>An unserem \u00dcbernachtungsplatz bei einem alten Kloster.<\/figcaption><\/figure><\/div>\n\n\n\n<p>Grenze Albanien\/Montenegro: Anstellen, P\u00e4sse zeigen, Laderaum auf. An der albanischen und an der montenegrinischen Grenzstation. <\/p>\n\n\n\n<p>Grenze Montenegro\/ Bosnien-Herzegowina: Anstellen, P\u00e4sse zeigen, Laderaum auf. An der montenegrinischen und an der bosnischen Grenzstation.<\/p>\n\n\n\n<p>Grenze Bosnien-Herzegowina\/ Kroatien: Anstellen, P\u00e4sse zeigen, Laderaum auf. An der bosnischen und an der kroatischen Grenzstation. <\/p>\n\n\n\n<p>Und immer diese geklonten bulligen Typen, die aus ihrem H\u00e4uschen heraus schnauzen: &#8222;Open luggage&#8220;. Das &#8222;please&#8220; fehlt, m\u00f6chte man antworten, doch ein Reflex der dem Eigenschutz dient, verbietet der Zunge die Artikulation. Also Klappe auf und Klappe zu. Seitent\u00fcr auf und zu. Nein wir haben keinen Schnaps, K\u00e4se, Zigaretten und den ganzen Kram den Menschen anscheinend gerne \u00fcber Grenzen bringen. Und immer die Frage, wohin wir wollen. Nat\u00fcrlich nach Hause: &#8222;Home&#8220;, &#8222;Transit&#8220;. Mit diesen beiden Worten ist jeder Grenzbeamte zufrieden zu stellen. Ab Dubrovnik fahren wir die K\u00fcstenstra\u00dfe nordw\u00e4rts. An einem schmalen Streifen von ein paar Kilometern liegt diese auf bosnischem Gebiet. Und selbst dort gibt es keine Transitl\u00f6sung, sondern Grenzstationen mit dem vollen Zirkus. Als der kroatische Beamte wissen m\u00f6chte was sich bei unseren Auto in der Klappe hinten rechts befindet, antworte ich: &#8222;Gas chamber&#8220;, da mir die korrekte Bezeichnung &#8222;Gas box&#8220; im Moment entfallen war. Er nickt zustimmend und gibt sein O.K. zur Weiterfahrt. F\u00fcr einen kroatischen Grenzer ist es anscheinend v\u00f6llig normal, wenn ein Deutscher seine Gaskammer immer mit an Bord hat. Bei der Fahrt auf der K\u00fcstenstra\u00dfe zieht die Landschaft von Bosnien-Herzegowina und Kroatien an uns vorbei. Ein Postkartenmotiv nach dem anderen. Kleine Ortschaften, in malerischen Buchten gelegen, eine jede mit seiner Marina und einem kleinen Strandabschnitt. Nur die frei laufenden Tiere fehlen seit Albanien. Kein Schwein, Esel, Pferd, Huhn, Rind, Schaf und Ziege. Nirgends. Nicht einmal Stra\u00dfenhunde sieht man. Vermutlich werden sie wie in Serbien von kommerziellen F\u00e4ngern aufgegriffen und in T\u00f6tungsstationen  gebracht. Die gewohnte Ordnung hat uns wieder. Kroatien wirkt (zumindest in diesem Teil) sehr sauber, zu sauber f\u00fcr unsere immer noch albanisch gepr\u00e4gten Sinne. Leitplanken, Sicherungsz\u00e4une, Verbotsschilder. Das Freistehen ist in diesem Land nicht erlaubt und wird auch in der Nachsaison geahndet. So mancher wurde nachts schon aus dem Bett gescheucht und musste weiterziehen. Sympathisch klingt das f\u00fcr uns nicht. Da sind die Italiener toleranter und selbst in Deutschland ist es kein Problem, auf einem regul\u00e4ren Parkplatz zu \u00fcbernachten. <\/p>\n\n\n\n<div class=\"wp-block-image\"><figure class=\"aligncenter size-full\"><img loading=\"lazy\" decoding=\"async\" width=\"1000\" height=\"667\" src=\"http:\/\/krines.org\/wp-content\/uploads\/2021\/11\/Kroatien1.jpg\" alt=\"\" class=\"wp-image-3283\" srcset=\"http:\/\/krines.org\/wp-content\/uploads\/2021\/11\/Kroatien1.jpg 1000w, http:\/\/krines.org\/wp-content\/uploads\/2021\/11\/Kroatien1-300x200.jpg 300w, http:\/\/krines.org\/wp-content\/uploads\/2021\/11\/Kroatien1-768x512.jpg 768w\" sizes=\"auto, (max-width: 767px) 89vw, (max-width: 1000px) 54vw, (max-width: 1071px) 543px, 580px\" \/><figcaption>D\u00f6rfer und Buchten an der kroatischen K\u00fcstenstra\u00dfe.<\/figcaption><\/figure><\/div>\n\n\n\n<div class=\"wp-block-image\"><figure class=\"aligncenter size-full\"><img loading=\"lazy\" decoding=\"async\" width=\"1000\" height=\"667\" src=\"http:\/\/krines.org\/wp-content\/uploads\/2021\/11\/Kroatien2.jpg\" alt=\"\" class=\"wp-image-3282\" srcset=\"http:\/\/krines.org\/wp-content\/uploads\/2021\/11\/Kroatien2.jpg 1000w, http:\/\/krines.org\/wp-content\/uploads\/2021\/11\/Kroatien2-300x200.jpg 300w, http:\/\/krines.org\/wp-content\/uploads\/2021\/11\/Kroatien2-768x512.jpg 768w\" sizes=\"auto, (max-width: 767px) 89vw, (max-width: 1000px) 54vw, (max-width: 1071px) 543px, 580px\" \/><\/figure><\/div>\n\n\n\n<div class=\"wp-block-image\"><figure class=\"aligncenter size-full\"><img loading=\"lazy\" decoding=\"async\" width=\"1000\" height=\"667\" src=\"http:\/\/krines.org\/wp-content\/uploads\/2021\/11\/Kroatien3.jpg\" alt=\"\" class=\"wp-image-3281\" srcset=\"http:\/\/krines.org\/wp-content\/uploads\/2021\/11\/Kroatien3.jpg 1000w, http:\/\/krines.org\/wp-content\/uploads\/2021\/11\/Kroatien3-300x200.jpg 300w, http:\/\/krines.org\/wp-content\/uploads\/2021\/11\/Kroatien3-768x512.jpg 768w\" sizes=\"auto, (max-width: 767px) 89vw, (max-width: 1000px) 54vw, (max-width: 1071px) 543px, 580px\" \/><\/figure><\/div>\n\n\n\n<div class=\"wp-block-image\"><figure class=\"aligncenter size-large\"><img loading=\"lazy\" decoding=\"async\" width=\"1024\" height=\"230\" src=\"http:\/\/krines.org\/wp-content\/uploads\/2021\/11\/Kroatien4-1024x230.jpg\" alt=\"\" class=\"wp-image-3280\" srcset=\"http:\/\/krines.org\/wp-content\/uploads\/2021\/11\/Kroatien4-1024x230.jpg 1024w, http:\/\/krines.org\/wp-content\/uploads\/2021\/11\/Kroatien4-300x68.jpg 300w, http:\/\/krines.org\/wp-content\/uploads\/2021\/11\/Kroatien4-768x173.jpg 768w, http:\/\/krines.org\/wp-content\/uploads\/2021\/11\/Kroatien4-1536x346.jpg 1536w, http:\/\/krines.org\/wp-content\/uploads\/2021\/11\/Kroatien4.jpg 2000w\" sizes=\"auto, (max-width: 767px) 89vw, (max-width: 1000px) 54vw, (max-width: 1071px) 543px, 580px\" \/><\/figure><\/div>\n","protected":false},"excerpt":{"rendered":"<p>Vor unserer Reise nach Albanien wussten wir so gut wie nichts \u00fcber dieses Land. Sicher, der Name der Hauptstadt war uns gel\u00e4ufig, ebenso dessen ungef\u00e4hre geografische Lage. In deutschen Medien taucht Albanien in der Regel nur in Verbindung mit Drogengesch\u00e4ften im gro\u00dfen Stil auf. Nicht nur der europ\u00e4ische Kokainhandel soll von Albanien aus koordiniert werden, &hellip; <\/p>\n<p class=\"link-more\"><a href=\"http:\/\/krines.org\/?p=3273\" class=\"more-link\"><span class=\"screen-reader-text\">\u201eAuf Wiedersehn Albanien- ein Fazit\u201c <\/span>weiterlesen<\/a><\/p>\n","protected":false},"author":1,"featured_media":3268,"comment_status":"open","ping_status":"open","sticky":false,"template":"","format":"standard","meta":{"footnotes":""},"categories":[22],"tags":[],"class_list":["post-3273","post","type-post","status-publish","format-standard","has-post-thumbnail","hentry","category-albanien-laender"],"_links":{"self":[{"href":"http:\/\/krines.org\/index.php?rest_route=\/wp\/v2\/posts\/3273","targetHints":{"allow":["GET"]}}],"collection":[{"href":"http:\/\/krines.org\/index.php?rest_route=\/wp\/v2\/posts"}],"about":[{"href":"http:\/\/krines.org\/index.php?rest_route=\/wp\/v2\/types\/post"}],"author":[{"embeddable":true,"href":"http:\/\/krines.org\/index.php?rest_route=\/wp\/v2\/users\/1"}],"replies":[{"embeddable":true,"href":"http:\/\/krines.org\/index.php?rest_route=%2Fwp%2Fv2%2Fcomments&post=3273"}],"version-history":[{"count":25,"href":"http:\/\/krines.org\/index.php?rest_route=\/wp\/v2\/posts\/3273\/revisions"}],"predecessor-version":[{"id":3309,"href":"http:\/\/krines.org\/index.php?rest_route=\/wp\/v2\/posts\/3273\/revisions\/3309"}],"wp:featuredmedia":[{"embeddable":true,"href":"http:\/\/krines.org\/index.php?rest_route=\/wp\/v2\/media\/3268"}],"wp:attachment":[{"href":"http:\/\/krines.org\/index.php?rest_route=%2Fwp%2Fv2%2Fmedia&parent=3273"}],"wp:term":[{"taxonomy":"category","embeddable":true,"href":"http:\/\/krines.org\/index.php?rest_route=%2Fwp%2Fv2%2Fcategories&post=3273"},{"taxonomy":"post_tag","embeddable":true,"href":"http:\/\/krines.org\/index.php?rest_route=%2Fwp%2Fv2%2Ftags&post=3273"}],"curies":[{"name":"wp","href":"https:\/\/api.w.org\/{rel}","templated":true}]}}