{"id":777,"date":"2019-11-07T19:46:27","date_gmt":"2019-11-07T19:46:27","guid":{"rendered":"http:\/\/krines.org\/?p=777"},"modified":"2019-11-07T22:38:28","modified_gmt":"2019-11-07T22:38:28","slug":"von-metaponto-nach-kalabrien","status":"publish","type":"post","link":"http:\/\/krines.org\/?p=777","title":{"rendered":"Metaponto und die Magna Graecia"},"content":{"rendered":"\n<p style=\"text-align:left\">\u00dcber die <a rel=\"noreferrer noopener\" aria-label=\"App Park4Night (\u00f6ffnet in neuem Tab)\" href=\"https:\/\/park4night.com\/?langage=de\" target=\"_blank\">App Park4Night<\/a> finden wir einen \u00dcbernachtungsplatz in der N\u00e4he von <a rel=\"noreferrer noopener\" aria-label=\"Metaponto (\u00f6ffnet in neuem Tab)\" href=\"https:\/\/de.wikipedia.org\/wiki\/Metapont\" target=\"_blank\">Metaponto<\/a>. Er liegt direkt am Strand.  Wir sind nicht allein. Es stehen bereits zwei Wohnmobile dort. Die Typen kommen aus Pinneberg. Hinter ihren Vans steht noch ein Anh\u00e4nger. Wie sich sp\u00e4ter herausstellen wird, dient der zum Verstauen des Kitedrachen. Wir parken hinter den beiden, direkt auf dem geschotterten Weg, da die Parkpl\u00e4tze nebenan mittlerweile geschlossen sind. Viel Platz ist auf der Zufahrt nicht mehr, vor allem deshalb, weil einer der beiden sich quer gestellt hat, vermutlich um aus seinem Seitenfenster einen direkten Blick auf das Meer zu haben. Wir sind nicht lange dort, als ein Einheimischer kommt und einen der Pinneberger anspricht. Wie sich herausstellt spricht er kein italienisch. Als ich dazukomme fragt er mich, ob ich italienisch k\u00f6nne, was ich leider verneinen mu\u00df. Offensichtlich ist, da\u00df dem Italiener die Parkweise des quer stehenden Wohnmobils st\u00f6rt. Ich versuche eine der elementarsten Formen von Kommunikation und ritze sein Problem mit einem Stecken in den Sand. Prompt kommt vom Pinneberger die Antwort: &#8222;Das habe ich schon verstanden.&#8220; Ich sage nichts, denke mir aber: &#8222;Du Depp, es geht hier nicht um dich, sondern um den Einheimischen, der sich an etwas st\u00f6rt.&#8220; Es geht darum eine Verbindung aufzubauen zwischen ihm und uns, und da\u00df wir sein Problem respektieren. Stattdessen f\u00e4ngt der Pinneberger auf deutsch an mich gerichtet zu schwadronieren an: Eine Nacht w\u00fcrde schon gehen, das Auto geh\u00f6re seinem Kumpel der noch irgendwo am Strand unterwegs sei. Er h\u00e4tte ein kleines Kind dabei (diese &#8222;Kindervorschieber&#8220; haben wir wirklich gefressen) und ein Umparken w\u00fcrde wegen des Windes deshalb nicht gehen. Komisch 50 bzw. 100 Meter weiter hinten an der Stra\u00dfe merkt man den Wind nicht mehr, warum stehen sie dann nicht dort? Schlie\u00dflich rennt er davon, sagt er m\u00fcsse seinen Kite einpacken und l\u00e4\u00dft mich mit dem Italiener alleine stehen. Was f\u00fcr ein Idiot denke ich mir. Als Karin dazu kommt, stehen wir bei ihm und geben unsere wenigen italienischen W\u00f6rter zum Besten. Er verabschiedet sich schlie\u00dflich und geht zum Strand. Am n\u00e4chsten Tag als wir aufbrechen, stehen die beiden Wagen immer noch dort. Es sieht nicht so aus, als ob sie heute abreisen. Sp\u00e4testens seit der Begegnung mit dem Einheimischen h\u00e4tten wir unseren Wagen umgeparkt, ach was, wir h\u00e4tten \u00fcberhaupt nicht so eingeparkt. Wir fahren r\u00fcckw\u00e4rts und wenden in drei Z\u00fcgen mitten auf dem Weg, da der Wendeplatz am Strand durch die Typen versperrt ist. Und genau das war das Problem des Italieners, die ziemlich liberal sind wenn es darum geht, wie und wo man sein Auto abstellt. Wundern mu\u00df man sich dann nicht, wenn an immer mehr Pl\u00e4tzen in Europa &#8222;Camping verboten&#8220;-Schilder stehen. Den Einheimischen kann man es bei so einem Verhalten nicht verdenken. Nach tausenden Kilometern Reise in Skandinavien und Italien ist zumindest auff\u00e4llig, da\u00df vor allem die j\u00fcngeren Wohnmobilisten (mit ihren gepflegten B\u00e4rten und Gebetsfahnen im Auto) dieses Verhalten an den Tag legen. Gr\u00fc\u00dfe im Vorbeigehen werden ignoriert, die Nachbarschaft wird als st\u00f6rend empfunden. Man m\u00f6chte ihnen zurufen: &#8222;Jungs und M\u00e4dels, wenn ihr euren Egotrip fahren wollt, dann d\u00fcrft ihr euch nicht nach einer App richten.&#8220; Die \u00e4lteren Wohnmobilisten sind kommunikativer, soviel steht fest. <\/p>\n\n\n\n<figure class=\"wp-block-image\"><img loading=\"lazy\" decoding=\"async\" width=\"640\" height=\"480\" src=\"http:\/\/krines.org\/wp-content\/uploads\/2019\/11\/Strandmeta.jpeg\" alt=\"\" class=\"wp-image-797\" srcset=\"http:\/\/krines.org\/wp-content\/uploads\/2019\/11\/Strandmeta.jpeg 640w, http:\/\/krines.org\/wp-content\/uploads\/2019\/11\/Strandmeta-300x225.jpeg 300w\" sizes=\"auto, (max-width: 640px) 100vw, 640px\" \/><figcaption>Am Strand bei Metaponto.<\/figcaption><\/figure>\n\n\n\n<p>Doch zur\u00fcck zu Metaponto. In der Antike war die Stadt eine bedeutende Siedlung der <a rel=\"noreferrer noopener\" aria-label=\"Magna Graecia (\u00f6ffnet in neuem Tab)\" href=\"https:\/\/de.wikipedia.org\/wiki\/Magna_Graecia\" target=\"_blank\">Magna Graecia<\/a>. Im 8. Jhd. v. Chr. siedelten Griechen in S\u00fcditalien und Sizilien und brachten ihre Kultur und religi\u00f6sen Glaubensvorstellungen mit. In Metaponto stehen noch heute Reste eines Heratempels. <\/p>\n\n\n\n<figure class=\"wp-block-image\"><img loading=\"lazy\" decoding=\"async\" width=\"1000\" height=\"667\" src=\"http:\/\/krines.org\/wp-content\/uploads\/2019\/11\/Heratempel1.jpg\" alt=\"\" class=\"wp-image-760\" srcset=\"http:\/\/krines.org\/wp-content\/uploads\/2019\/11\/Heratempel1.jpg 1000w, http:\/\/krines.org\/wp-content\/uploads\/2019\/11\/Heratempel1-300x200.jpg 300w, http:\/\/krines.org\/wp-content\/uploads\/2019\/11\/Heratempel1-768x512.jpg 768w\" sizes=\"auto, (max-width: 767px) 89vw, (max-width: 1000px) 54vw, (max-width: 1071px) 543px, 580px\" \/><figcaption>Die dorischen S\u00e4ulen des Heratempels bei Metaponto.<\/figcaption><\/figure>\n\n\n\n<p>In der Stadt gibt es ein Museum, in dem Unmengen an Artefakten aus pr\u00e4historischer und griechischer Zeit zu bewundern sind. Vasen, Kr\u00fcge Waffen und Schmuckgegenst\u00e4nde werden in den Vitrinen pr\u00e4sentiert. Leider sind die Beschreibungen der arch\u00e4ologischen Fundst\u00fccke, bzw. die geschichtlichen Hintergr\u00fcnde auf den Schautafeln nur in italienisch. Schade, im Kulturhauptstadtjahr von Matera h\u00e4tte dem Museum ein internationaler Ansatz sicher nicht geschadet. Hervorragend und sehr modern aufgemacht ist die Teilausstellung zu <a rel=\"noreferrer noopener\" aria-label=\"Pythagoras (\u00f6ffnet in neuem Tab)\" href=\"https:\/\/de.wikipedia.org\/wiki\/Pythagoras\" target=\"_blank\">Pythagoras<\/a> bzw. zur Geschichte der Mathematik. Die Themenwahl erfolgte wohl deshalb, weil Pythagoras im 6. Jhd. v. Chr. nach Metaponto \u00fcbersiedelte und dort seine Schule gegr\u00fcndet hat. In dieser Stadt ist er laut \u00dcberlieferung auch verstorben. Auf uns hinterl\u00e4\u00dft die Stadt einen verschlafenen Eindruck. Die besten Zeiten hat Metaponto lange hinter sich. <\/p>\n\n\n\n<figure class=\"wp-block-image\"><img loading=\"lazy\" decoding=\"async\" width=\"640\" height=\"480\" src=\"http:\/\/krines.org\/wp-content\/uploads\/2019\/11\/Strandmeta4.jpeg\" alt=\"\" class=\"wp-image-801\" srcset=\"http:\/\/krines.org\/wp-content\/uploads\/2019\/11\/Strandmeta4.jpeg 640w, http:\/\/krines.org\/wp-content\/uploads\/2019\/11\/Strandmeta4-300x225.jpeg 300w\" sizes=\"auto, (max-width: 640px) 100vw, 640px\" \/><\/figure>\n\n\n\n<div class=\"wp-block-image\"><figure class=\"aligncenter\"><img loading=\"lazy\" decoding=\"async\" width=\"480\" height=\"640\" src=\"http:\/\/krines.org\/wp-content\/uploads\/2019\/11\/Strandmeta5.jpeg\" alt=\"\" class=\"wp-image-802\" srcset=\"http:\/\/krines.org\/wp-content\/uploads\/2019\/11\/Strandmeta5.jpeg 480w, http:\/\/krines.org\/wp-content\/uploads\/2019\/11\/Strandmeta5-225x300.jpeg 225w\" sizes=\"auto, (max-width: 480px) 100vw, 480px\" \/><figcaption>Sonne am Morgen&#8230;<\/figcaption><\/figure><\/div>\n\n\n\n<figure class=\"wp-block-image\"><img loading=\"lazy\" decoding=\"async\" width=\"640\" height=\"480\" src=\"http:\/\/krines.org\/wp-content\/uploads\/2019\/11\/Strandmeta3.jpeg\" alt=\"\" class=\"wp-image-800\" srcset=\"http:\/\/krines.org\/wp-content\/uploads\/2019\/11\/Strandmeta3.jpeg 640w, http:\/\/krines.org\/wp-content\/uploads\/2019\/11\/Strandmeta3-300x225.jpeg 300w\" sizes=\"auto, (max-width: 640px) 100vw, 640px\" \/><figcaption>Sonnenuntergang am Strand.<\/figcaption><\/figure>\n\n\n\n<figure class=\"wp-block-image\"><img loading=\"lazy\" decoding=\"async\" width=\"640\" height=\"480\" src=\"http:\/\/krines.org\/wp-content\/uploads\/2019\/11\/Strandmeta2.jpeg\" alt=\"\" class=\"wp-image-799\" srcset=\"http:\/\/krines.org\/wp-content\/uploads\/2019\/11\/Strandmeta2.jpeg 640w, http:\/\/krines.org\/wp-content\/uploads\/2019\/11\/Strandmeta2-300x225.jpeg 300w\" sizes=\"auto, (max-width: 640px) 100vw, 640px\" \/><\/figure>\n\n\n\n<figure class=\"wp-block-image\"><img loading=\"lazy\" decoding=\"async\" width=\"640\" height=\"480\" src=\"http:\/\/krines.org\/wp-content\/uploads\/2019\/11\/Strandmeta1.jpeg\" alt=\"\" class=\"wp-image-798\" srcset=\"http:\/\/krines.org\/wp-content\/uploads\/2019\/11\/Strandmeta1.jpeg 640w, http:\/\/krines.org\/wp-content\/uploads\/2019\/11\/Strandmeta1-300x225.jpeg 300w\" sizes=\"auto, (max-width: 640px) 100vw, 640px\" \/><figcaption>Strandgew\u00e4chse.<\/figcaption><\/figure>\n","protected":false},"excerpt":{"rendered":"<p>\u00dcber die App Park4Night finden wir einen \u00dcbernachtungsplatz in der N\u00e4he von Metaponto. Er liegt direkt am Strand. Wir sind nicht allein. Es stehen bereits zwei Wohnmobile dort. Die Typen kommen aus Pinneberg. Hinter ihren Vans steht noch ein Anh\u00e4nger. Wie sich sp\u00e4ter herausstellen wird, dient der zum Verstauen des Kitedrachen. Wir parken hinter den &hellip; <\/p>\n<p class=\"link-more\"><a href=\"http:\/\/krines.org\/?p=777\" class=\"more-link\"><span class=\"screen-reader-text\">\u201eMetaponto und die Magna Graecia\u201c <\/span>weiterlesen<\/a><\/p>\n","protected":false},"author":1,"featured_media":759,"comment_status":"open","ping_status":"open","sticky":false,"template":"","format":"standard","meta":{"footnotes":""},"categories":[3],"tags":[],"class_list":["post-777","post","type-post","status-publish","format-standard","has-post-thumbnail","hentry","category-italien"],"_links":{"self":[{"href":"http:\/\/krines.org\/index.php?rest_route=\/wp\/v2\/posts\/777","targetHints":{"allow":["GET"]}}],"collection":[{"href":"http:\/\/krines.org\/index.php?rest_route=\/wp\/v2\/posts"}],"about":[{"href":"http:\/\/krines.org\/index.php?rest_route=\/wp\/v2\/types\/post"}],"author":[{"embeddable":true,"href":"http:\/\/krines.org\/index.php?rest_route=\/wp\/v2\/users\/1"}],"replies":[{"embeddable":true,"href":"http:\/\/krines.org\/index.php?rest_route=%2Fwp%2Fv2%2Fcomments&post=777"}],"version-history":[{"count":25,"href":"http:\/\/krines.org\/index.php?rest_route=\/wp\/v2\/posts\/777\/revisions"}],"predecessor-version":[{"id":835,"href":"http:\/\/krines.org\/index.php?rest_route=\/wp\/v2\/posts\/777\/revisions\/835"}],"wp:featuredmedia":[{"embeddable":true,"href":"http:\/\/krines.org\/index.php?rest_route=\/wp\/v2\/media\/759"}],"wp:attachment":[{"href":"http:\/\/krines.org\/index.php?rest_route=%2Fwp%2Fv2%2Fmedia&parent=777"}],"wp:term":[{"taxonomy":"category","embeddable":true,"href":"http:\/\/krines.org\/index.php?rest_route=%2Fwp%2Fv2%2Fcategories&post=777"},{"taxonomy":"post_tag","embeddable":true,"href":"http:\/\/krines.org\/index.php?rest_route=%2Fwp%2Fv2%2Ftags&post=777"}],"curies":[{"name":"wp","href":"https:\/\/api.w.org\/{rel}","templated":true}]}}