{"id":859,"date":"2019-11-10T19:28:41","date_gmt":"2019-11-10T19:28:41","guid":{"rendered":"http:\/\/krines.org\/?p=859"},"modified":"2019-11-13T21:23:12","modified_gmt":"2019-11-13T21:23:12","slug":"der-muell-die-stadt-und-der-tod","status":"publish","type":"post","link":"http:\/\/krines.org\/?p=859","title":{"rendered":"Der M\u00fcll, die Stadt und der Tod"},"content":{"rendered":"\n<p>Der Beitrag spielt keineswegs auf ein gleichnamiges und umstrittenes Theaterst\u00fcck von <a rel=\"noreferrer noopener\" aria-label=\"Rainer Werner Fassbinder (\u00f6ffnet in neuem Tab)\" href=\"https:\/\/de.wikipedia.org\/wiki\/Rainer_Werner_Fassbinder\" target=\"_blank\">Rainer Werner Fassbinder<\/a> an, sondern auf die Situation, die wir in S\u00fcditalien vorfinden. Der <a rel=\"noreferrer noopener\" aria-label=\"M\u00fcll (\u00f6ffnet in neuem Tab)\" href=\"https:\/\/www.focus.de\/finanzen\/news\/schlag-gegen-italienischen-clan-in-deutschland-millionengeschaeft-italienische-mafia-versenkt-deutschen-toxischen-muell-im-meer_id_8272069.html\" target=\"_blank\">M\u00fcll<\/a> ist hier allgegenw\u00e4rtig sichtbar. Vor allem in den Seitengassen und Flurwegen, ab von den touristisch befahrenen Routen traut man seinen Augen nicht. In einem deutschen M\u00fcllverwertungsbetrieb sieht es aufger\u00e4umter aus als hier. Der kalabrische Zweig der Mafia, die <em><a href=\"https:\/\/de.wikipedia.org\/wiki\/%E2%80%99Ndrangheta\">Ndrangheta<\/a><\/em> verdient nicht nur kr\u00e4ftig an der <a rel=\"noreferrer noopener\" aria-label=\"M\u00fcllverklappung (\u00f6ffnet in neuem Tab)\" href=\"https:\/\/www.tagesspiegel.de\/gesellschaft\/panorama\/italien-die-rueckkehr-der-muellkrise\/23665198.html\" target=\"_blank\">M\u00fcllverklappung<\/a>, auch die \u00f6rtlichen M\u00fcllbetriebe stehen oftmals auf der Gehaltsliste, bzw. die Firmen werden st\u00e4ndig neu ausgeschrieben. In der Zwischenzeit bleibt der M\u00fcll einfach liegen, oder er wird zuweilen unter Aufsicht des Milit\u00e4rs auf &#8222;wilden Deponien&#8220; abgeladen. Seit Jahrzehnten fehlen geeignete Verbrennungsanlagen und seitdem China keinen europ\u00e4ischen M\u00fcll mehr annimmt, hat sich in Italien das M\u00fcllproblem nochmals versch\u00e4rft. Aber alles der &#8222;Ehrenwerten Gesellschaft&#8220; in die Schuhe schieben zu wollen, greift zu kurz. Es stehen unterschiedliche Tonnen f\u00fcr Glas, Alu, Papier und Restm\u00fcll an vielen Stellen, nur sind die oftmals halb leer bzw. der Inhalt ist wild durchgemischt. Glas in der Komposttonne, Plastik im Papierbeh\u00e4lter. Der Gedanke der M\u00fclltrennung hat sich in Italien noch nicht durchgesetzt, hei\u00dft es. Aber, bei uns zu Hause machen sie es ja genauso. Ich empfehle, am Abend vor der Abholung in die Tonnen der Nachbarn zu schauen, der Anblick wird sich gleichen. Der Unterschied besteht darin, da\u00df es in Italien anscheinend niemanden st\u00f6rt, wenn der M\u00fcll in der Landschaft liegt. PET-Flaschen werden einfach liegen gelassen. Die Picknickreste bleiben an Ort und Stelle liegen. Auff\u00e4llig viele Matratzen sehen wir immer wieder am Stra\u00dfenrand liegen. Sind die Matratzen hier von so schlechter Qualit\u00e4t, oder entsorgen die Leute sie \u00f6fter als bei uns? An vielen Stellen im l\u00e4ndlichen Raum sehen wir Rauchwolken. Dort geht nicht nur das d\u00f6rre Ackerkraut in Flammen auf. F\u00e4hrt man durch so eine Rauchwolke kratzt es geh\u00f6rig in der Lunge, es riecht nach verbrannten Plastik. <\/p>\n\n\n\n<div class=\"wp-block-image\"><figure class=\"aligncenter\"><img loading=\"lazy\" decoding=\"async\" width=\"480\" height=\"640\" src=\"http:\/\/krines.org\/wp-content\/uploads\/2019\/11\/M3.jpeg\" alt=\"\" class=\"wp-image-868\" srcset=\"http:\/\/krines.org\/wp-content\/uploads\/2019\/11\/M3.jpeg 480w, http:\/\/krines.org\/wp-content\/uploads\/2019\/11\/M3-225x300.jpeg 225w\" sizes=\"auto, (max-width: 480px) 100vw, 480px\" \/><figcaption>Matratzen sind begehrte Wegwerfobjekte.<\/figcaption><\/figure><\/div>\n\n\n\n<figure class=\"wp-block-image\"><img loading=\"lazy\" decoding=\"async\" width=\"640\" height=\"480\" src=\"http:\/\/krines.org\/wp-content\/uploads\/2019\/11\/M2.jpeg\" alt=\"\" class=\"wp-image-867\" srcset=\"http:\/\/krines.org\/wp-content\/uploads\/2019\/11\/M2.jpeg 640w, http:\/\/krines.org\/wp-content\/uploads\/2019\/11\/M2-300x225.jpeg 300w\" sizes=\"auto, (max-width: 640px) 100vw, 640px\" \/><figcaption>Das ist kein Einzelfall (bei Tropea in Kalabrien).<\/figcaption><\/figure>\n\n\n\n<figure class=\"wp-block-image\"><img loading=\"lazy\" decoding=\"async\" width=\"1000\" height=\"667\" src=\"http:\/\/krines.org\/wp-content\/uploads\/2019\/11\/Muell.jpg\" alt=\"\" class=\"wp-image-767\" srcset=\"http:\/\/krines.org\/wp-content\/uploads\/2019\/11\/Muell.jpg 1000w, http:\/\/krines.org\/wp-content\/uploads\/2019\/11\/Muell-300x200.jpg 300w, http:\/\/krines.org\/wp-content\/uploads\/2019\/11\/Muell-768x512.jpg 768w\" sizes=\"auto, (max-width: 767px) 89vw, (max-width: 1000px) 54vw, (max-width: 1071px) 543px, 580px\" \/><figcaption>In den Bergen der Basilikata.<\/figcaption><\/figure>\n\n\n\n<p>Wir fragen uns gelegentlich, ob wir noch in Europa sind. In Namibia haben wir so etwas nicht gesehen. Dort waren \u00fcbrigens auch die Stra\u00dfen besser, obwohl es sich um Schotterpisten gehandelt hat. Die ganze Situation tr\u00e4gt nicht dazu bei, dem Land etwas abzugewinnen. In Kalabrien existieren auf den Nebenstrecken keine Wegweiser mehr. Die Navigation mit Karte ist also schwierig. Unser Navigationsger\u00e4t schickt uns immer wieder auf engste Stra\u00dfen mit L\u00f6chern so tief, da\u00df eine Katze darin ersaufen k\u00f6nnte. Oftmals stehen wir vor Durchfahrten mit maximal zwei Metern H\u00f6he und m\u00fcssen wenden. Dabei kann schon mal die Sto\u00dfstange schaden nehmen. In den St\u00e4dten und D\u00f6rfern h\u00e4ngen die Balkone sehr tief, die Gassen sind eng. Wir klappen die Spiegel ein, dann geht es schon. Trotzdem m\u00fcssen wir h\u00f6llisch aufpassen, unseren Van nicht auch noch am Dach zu schrammen. In diesem Land ist definitiv zu viel Verkehr. Die Besiedelung ist zu dicht f\u00fcr uns. Die gro\u00dfen St\u00e4dte meiden wir. Was wollen wir da? Einkaufen, eine weitere Kirche besichtigen, das Verkehrschaos genie\u00dfen. Nein danke, die Pampa reicht uns vollkommen. Italien ist nicht unbedingt mein (unser) Land, soviel steht schon fest. Ich hatte das Gef\u00fchl bereits am ersten Tag. Zwischenzeitlich hat es sich abgeschw\u00e4cht, mittlerweile verst\u00e4rkt es sich wieder. Die Goethe&#8217;sche Sehnsucht nach Italien kann ich nicht nachvollziehen. Vielleicht war es fr\u00fcher anders. Aber dieser Oberstudienrat aus Weimar war mir immer suspekt. Schiller ist mir lieber. Aber da\u00df es auch heute noch so viele nach Italien zieht, kann ich nicht nachvollziehen. Das Gehupe geht mir auf die Nerven, die Fahrweise aus \u00dcberholwahn und Geschwindigkeit, das pathetische Geschnatter der Menschen nervt an manchen Tagen. Es gibt Momente, da m\u00f6chte ich dieses Land fluchtartig verlassen. Was mich davon abh\u00e4lt? Vor allem Karin. Nat\u00fcrlich auch die Tatsache, da\u00df es hier warm ist und man frische Vongole an der Fischtheke bekommt. Nicht mehr und auch nicht weniger.<\/p>\n","protected":false},"excerpt":{"rendered":"<p>Der Beitrag spielt keineswegs auf ein gleichnamiges und umstrittenes Theaterst\u00fcck von Rainer Werner Fassbinder an, sondern auf die Situation, die wir in S\u00fcditalien vorfinden. Der M\u00fcll ist hier allgegenw\u00e4rtig sichtbar. Vor allem in den Seitengassen und Flurwegen, ab von den touristisch befahrenen Routen traut man seinen Augen nicht. In einem deutschen M\u00fcllverwertungsbetrieb sieht es aufger\u00e4umter &hellip; <\/p>\n<p class=\"link-more\"><a href=\"http:\/\/krines.org\/?p=859\" class=\"more-link\"><span class=\"screen-reader-text\">\u201eDer M\u00fcll, die Stadt und der Tod\u201c <\/span>weiterlesen<\/a><\/p>\n","protected":false},"author":1,"featured_media":886,"comment_status":"open","ping_status":"open","sticky":false,"template":"","format":"standard","meta":{"footnotes":""},"categories":[3],"tags":[],"class_list":["post-859","post","type-post","status-publish","format-standard","has-post-thumbnail","hentry","category-italien"],"_links":{"self":[{"href":"http:\/\/krines.org\/index.php?rest_route=\/wp\/v2\/posts\/859","targetHints":{"allow":["GET"]}}],"collection":[{"href":"http:\/\/krines.org\/index.php?rest_route=\/wp\/v2\/posts"}],"about":[{"href":"http:\/\/krines.org\/index.php?rest_route=\/wp\/v2\/types\/post"}],"author":[{"embeddable":true,"href":"http:\/\/krines.org\/index.php?rest_route=\/wp\/v2\/users\/1"}],"replies":[{"embeddable":true,"href":"http:\/\/krines.org\/index.php?rest_route=%2Fwp%2Fv2%2Fcomments&post=859"}],"version-history":[{"count":18,"href":"http:\/\/krines.org\/index.php?rest_route=\/wp\/v2\/posts\/859\/revisions"}],"predecessor-version":[{"id":965,"href":"http:\/\/krines.org\/index.php?rest_route=\/wp\/v2\/posts\/859\/revisions\/965"}],"wp:featuredmedia":[{"embeddable":true,"href":"http:\/\/krines.org\/index.php?rest_route=\/wp\/v2\/media\/886"}],"wp:attachment":[{"href":"http:\/\/krines.org\/index.php?rest_route=%2Fwp%2Fv2%2Fmedia&parent=859"}],"wp:term":[{"taxonomy":"category","embeddable":true,"href":"http:\/\/krines.org\/index.php?rest_route=%2Fwp%2Fv2%2Fcategories&post=859"},{"taxonomy":"post_tag","embeddable":true,"href":"http:\/\/krines.org\/index.php?rest_route=%2Fwp%2Fv2%2Ftags&post=859"}],"curies":[{"name":"wp","href":"https:\/\/api.w.org\/{rel}","templated":true}]}}